{"id":136,"date":"1999-06-15T07:23:21","date_gmt":"1999-06-15T07:23:21","guid":{"rendered":"http:\/\/www.reitverein-roehlingen.de\/html\/wordpress\/?p=136"},"modified":"2013-01-30T10:05:49","modified_gmt":"2013-01-30T10:05:49","slug":"todlicher-unfall","status":"publish","type":"post","link":"https:\/\/www.reitverein-roehlingen.de\/html\/wordpress\/?p=136","title":{"rendered":"T\u00f6dlicher Unfall"},"content":{"rendered":"Sebastian K\u00f6nig wurde am 06.08.1901 in St\u00f6dlen geboren und verbrachte dort seine Kindheit und Jugendzeit. Nach einer zw\u00f6lfj\u00e4hrigen Dienstzeit beim Milit\u00e4r, wo er als Futtermeister mit dem Dienstgrad eines Feldwebels t\u00e4tig war, kam er 1933 als Reitlehrer nach R\u00f6hlingen. K\u00f6nig leitete die Reitausbildung in R\u00f6hlingen bis zum II.Weltkrieg.\r\n\r\n\r\n\r\nNach dem Krieg arbeitet er in Heilbronn und kam zu den Reitstunden bis zu seinem Tod am Wochenende nach R\u00f6hlingen.\r\n\r\nBrief von Herrn Sebastian K\u00f6nig <a href=\"https:\/\/www.reitverein-roehlingen.de\/html\/wordpress\/?p=136\" class=\"more-link\"> [...]  Weiterlesen<\/a>","protected":false},"excerpt":{"rendered":"<p>Sebastian K\u00f6nig wurde am 06.08.1901 in St\u00f6dlen geboren und verbrachte dort seine Kindheit und Jugendzeit. Nach einer zw\u00f6lfj\u00e4hrigen Dienstzeit beim Milit\u00e4r, wo er als Futtermeister mit dem Dienstgrad eines Feldwebels t\u00e4tig war, kam er 1933 als Reitlehrer nach R\u00f6hlingen. K\u00f6nig &hellip; <a href=\"https:\/\/www.reitverein-roehlingen.de\/html\/wordpress\/?p=136\">Weiterlesen <span class=\"meta-nav\">&rarr;<\/span><\/a><\/p>\n","protected":false},"author":2,"featured_media":0,"comment_status":"closed","ping_status":"closed","sticky":false,"template":"","format":"standard","meta":{"footnotes":""},"categories":[28,8],"tags":[],"class_list":["post-136","post","type-post","status-publish","format-standard","hentry","category-besondere-mitglieder-und-personen","category-vereins-historie"],"_links":{"self":[{"href":"https:\/\/www.reitverein-roehlingen.de\/html\/wordpress\/index.php?rest_route=\/wp\/v2\/posts\/136","targetHints":{"allow":["GET"]}}],"collection":[{"href":"https:\/\/www.reitverein-roehlingen.de\/html\/wordpress\/index.php?rest_route=\/wp\/v2\/posts"}],"about":[{"href":"https:\/\/www.reitverein-roehlingen.de\/html\/wordpress\/index.php?rest_route=\/wp\/v2\/types\/post"}],"author":[{"embeddable":true,"href":"https:\/\/www.reitverein-roehlingen.de\/html\/wordpress\/index.php?rest_route=\/wp\/v2\/users\/2"}],"replies":[{"embeddable":true,"href":"https:\/\/www.reitverein-roehlingen.de\/html\/wordpress\/index.php?rest_route=%2Fwp%2Fv2%2Fcomments&post=136"}],"version-history":[{"count":9,"href":"https:\/\/www.reitverein-roehlingen.de\/html\/wordpress\/index.php?rest_route=\/wp\/v2\/posts\/136\/revisions"}],"predecessor-version":[{"id":3520,"href":"https:\/\/www.reitverein-roehlingen.de\/html\/wordpress\/index.php?rest_route=\/wp\/v2\/posts\/136\/revisions\/3520"}],"wp:attachment":[{"href":"https:\/\/www.reitverein-roehlingen.de\/html\/wordpress\/index.php?rest_route=%2Fwp%2Fv2%2Fmedia&parent=136"}],"wp:term":[{"taxonomy":"category","embeddable":true,"href":"https:\/\/www.reitverein-roehlingen.de\/html\/wordpress\/index.php?rest_route=%2Fwp%2Fv2%2Fcategories&post=136"},{"taxonomy":"post_tag","embeddable":true,"href":"https:\/\/www.reitverein-roehlingen.de\/html\/wordpress\/index.php?rest_route=%2Fwp%2Fv2%2Ftags&post=136"}],"curies":[{"name":"wp","href":"https:\/\/api.w.org\/{rel}","templated":true}]}}