{"id":144,"date":"2014-03-14T07:47:11","date_gmt":"2014-03-14T07:47:11","guid":{"rendered":"http:\/\/www.reitverein-roehlingen.de\/html\/wordpress\/?p=144"},"modified":"2014-03-15T08:45:33","modified_gmt":"2014-03-15T08:45:33","slug":"die-vorstandsmitglieder","status":"publish","type":"post","link":"https:\/\/www.reitverein-roehlingen.de\/html\/wordpress\/?p=144","title":{"rendered":"Die ersten Vorsitzenden"},"content":{"rendered":"1. Vorsitzender:\u00a0Vertretung in der \u00d6ffentlichkeit, Planung, Koordinierung und \u00dcberwachung der Arbeit des Vorstandes und des Vereinsrates; Durchf\u00fchrung von Ehrungen und Auszeichnungen.\r\n\r\nJosef Halt, Neunstadt 1924 \u2013 1933 II.Weltkrieg\r\n\r\n\r\n\r\nBalthasar Halt, Neunstadt \u00a0 \u00a0 \u00a0 \u00a0 \u00a0 \u00a0 \u00a0 \u00a0 19.08.1951 - 15.04.1962\r\n\r\n\r\n\r\nJosef Konle, R\u00f6hlingen \u00a0 \u00a0 \u00a0 \u00a0 \u00a0 \u00a0 \u00a0 \u00a0 \u00a0 \u00a0 \u00a015.04.1962 - 09.05.1971\r\n\r\n\r\n\r\nAnton B\u00fchler, Neunstadt \u00a0 \u00a0 \u00a0 \u00a0 \u00a0 \u00a0 \u00a0 \u00a0 \u00a0 \u00a009.05.1971 - 02.04.1977\r\n\r\n\r\n\r\nKarl <a href=\"https:\/\/www.reitverein-roehlingen.de\/html\/wordpress\/?p=144\" class=\"more-link\"> [...]  Weiterlesen<\/a>","protected":false},"excerpt":{"rendered":"<p>1. Vorsitzender:\u00a0Vertretung in der \u00d6ffentlichkeit, Planung, Koordinierung und \u00dcberwachung der Arbeit des Vorstandes und des Vereinsrates; Durchf\u00fchrung von Ehrungen und Auszeichnungen. Josef Halt, Neunstadt 1924 \u2013 1933 II.Weltkrieg Balthasar Halt, Neunstadt \u00a0 \u00a0 \u00a0 \u00a0 \u00a0 \u00a0 \u00a0 \u00a0 19.08.1951 &hellip; <a href=\"https:\/\/www.reitverein-roehlingen.de\/html\/wordpress\/?p=144\">Weiterlesen <span class=\"meta-nav\">&rarr;<\/span><\/a><\/p>\n","protected":false},"author":2,"featured_media":0,"comment_status":"closed","ping_status":"closed","sticky":false,"template":"","format":"standard","meta":{"footnotes":""},"categories":[8,20],"tags":[],"class_list":["post-144","post","type-post","status-publish","format-standard","hentry","category-vereins-historie","category-vorstandsmitglieder"],"_links":{"self":[{"href":"https:\/\/www.reitverein-roehlingen.de\/html\/wordpress\/index.php?rest_route=\/wp\/v2\/posts\/144","targetHints":{"allow":["GET"]}}],"collection":[{"href":"https:\/\/www.reitverein-roehlingen.de\/html\/wordpress\/index.php?rest_route=\/wp\/v2\/posts"}],"about":[{"href":"https:\/\/www.reitverein-roehlingen.de\/html\/wordpress\/index.php?rest_route=\/wp\/v2\/types\/post"}],"author":[{"embeddable":true,"href":"https:\/\/www.reitverein-roehlingen.de\/html\/wordpress\/index.php?rest_route=\/wp\/v2\/users\/2"}],"replies":[{"embeddable":true,"href":"https:\/\/www.reitverein-roehlingen.de\/html\/wordpress\/index.php?rest_route=%2Fwp%2Fv2%2Fcomments&post=144"}],"version-history":[{"count":25,"href":"https:\/\/www.reitverein-roehlingen.de\/html\/wordpress\/index.php?rest_route=\/wp\/v2\/posts\/144\/revisions"}],"predecessor-version":[{"id":5726,"href":"https:\/\/www.reitverein-roehlingen.de\/html\/wordpress\/index.php?rest_route=\/wp\/v2\/posts\/144\/revisions\/5726"}],"wp:attachment":[{"href":"https:\/\/www.reitverein-roehlingen.de\/html\/wordpress\/index.php?rest_route=%2Fwp%2Fv2%2Fmedia&parent=144"}],"wp:term":[{"taxonomy":"category","embeddable":true,"href":"https:\/\/www.reitverein-roehlingen.de\/html\/wordpress\/index.php?rest_route=%2Fwp%2Fv2%2Fcategories&post=144"},{"taxonomy":"post_tag","embeddable":true,"href":"https:\/\/www.reitverein-roehlingen.de\/html\/wordpress\/index.php?rest_route=%2Fwp%2Fv2%2Ftags&post=144"}],"curies":[{"name":"wp","href":"https:\/\/api.w.org\/{rel}","templated":true}]}}