{"id":1480,"date":"2011-12-31T13:25:24","date_gmt":"2011-12-31T13:25:24","guid":{"rendered":"http:\/\/www.reitverein-roehlingen.de\/html\/wordpress\/?p=1480"},"modified":"2012-10-18T20:17:06","modified_gmt":"2012-10-18T20:17:06","slug":"weitere-aktivitaten-2011","status":"publish","type":"post","link":"https:\/\/www.reitverein-roehlingen.de\/html\/wordpress\/?p=1480","title":{"rendered":"weitere Aktivit\u00e4ten 2011"},"content":{"rendered":"Beim Kalten Markt in Ellwangen waren die R\u00f6hlinger Reiter wieder eine der gr\u00f6\u00dften Gruppen.\r\n\r\n\r\n\r\n\r\n\r\nBeim Fohlenbrennen in Z\u00f6bingen waren auch R\u00f6hlinger Z\u00fcchter vertreten.\r\n\r\n\r\n\r\nAuch in diesem Jahr war der Kindergarten R\u00f6hlingen wieder in der Reithalle zu Gast und feierte das St. Martins-Fest\r\n\r\n\r\n\r\nBeim 25. St.Georgs-Ritt in Waldhausen war auch eine Abordnung R\u00f6hlinger Reiter vertreten.\r\n\r\n\r\n\r\n <a href=\"https:\/\/www.reitverein-roehlingen.de\/html\/wordpress\/?p=1480\" class=\"more-link\"> [...]  Weiterlesen<\/a>","protected":false},"excerpt":{"rendered":"<p>Beim Kalten Markt in Ellwangen waren die R\u00f6hlinger Reiter wieder eine der gr\u00f6\u00dften Gruppen. Beim Fohlenbrennen in Z\u00f6bingen waren auch R\u00f6hlinger Z\u00fcchter vertreten. Auch in diesem Jahr war der Kindergarten R\u00f6hlingen wieder in der Reithalle zu Gast und feierte das &hellip; <a href=\"https:\/\/www.reitverein-roehlingen.de\/html\/wordpress\/?p=1480\">Weiterlesen <span class=\"meta-nav\">&rarr;<\/span><\/a><\/p>\n","protected":false},"author":2,"featured_media":0,"comment_status":"closed","ping_status":"closed","sticky":false,"template":"","format":"standard","meta":{"footnotes":""},"categories":[19,8],"tags":[],"class_list":["post-1480","post","type-post","status-publish","format-standard","hentry","category-chronik","category-vereins-historie"],"_links":{"self":[{"href":"https:\/\/www.reitverein-roehlingen.de\/html\/wordpress\/index.php?rest_route=\/wp\/v2\/posts\/1480","targetHints":{"allow":["GET"]}}],"collection":[{"href":"https:\/\/www.reitverein-roehlingen.de\/html\/wordpress\/index.php?rest_route=\/wp\/v2\/posts"}],"about":[{"href":"https:\/\/www.reitverein-roehlingen.de\/html\/wordpress\/index.php?rest_route=\/wp\/v2\/types\/post"}],"author":[{"embeddable":true,"href":"https:\/\/www.reitverein-roehlingen.de\/html\/wordpress\/index.php?rest_route=\/wp\/v2\/users\/2"}],"replies":[{"embeddable":true,"href":"https:\/\/www.reitverein-roehlingen.de\/html\/wordpress\/index.php?rest_route=%2Fwp%2Fv2%2Fcomments&post=1480"}],"version-history":[{"count":6,"href":"https:\/\/www.reitverein-roehlingen.de\/html\/wordpress\/index.php?rest_route=\/wp\/v2\/posts\/1480\/revisions"}],"predecessor-version":[{"id":1521,"href":"https:\/\/www.reitverein-roehlingen.de\/html\/wordpress\/index.php?rest_route=\/wp\/v2\/posts\/1480\/revisions\/1521"}],"wp:attachment":[{"href":"https:\/\/www.reitverein-roehlingen.de\/html\/wordpress\/index.php?rest_route=%2Fwp%2Fv2%2Fmedia&parent=1480"}],"wp:term":[{"taxonomy":"category","embeddable":true,"href":"https:\/\/www.reitverein-roehlingen.de\/html\/wordpress\/index.php?rest_route=%2Fwp%2Fv2%2Fcategories&post=1480"},{"taxonomy":"post_tag","embeddable":true,"href":"https:\/\/www.reitverein-roehlingen.de\/html\/wordpress\/index.php?rest_route=%2Fwp%2Fv2%2Ftags&post=1480"}],"curies":[{"name":"wp","href":"https:\/\/api.w.org\/{rel}","templated":true}]}}