{"id":1536,"date":"2010-12-31T14:16:09","date_gmt":"2010-12-31T14:16:09","guid":{"rendered":"http:\/\/www.reitverein-roehlingen.de\/html\/wordpress\/?p=1536"},"modified":"2013-01-31T19:01:18","modified_gmt":"2013-01-31T19:01:18","slug":"weitere-aktivitaten-in-jahr-2010","status":"publish","type":"post","link":"https:\/\/www.reitverein-roehlingen.de\/html\/wordpress\/?p=1536","title":{"rendered":"weitere Aktivit\u00e4ten in Jahr 2010"},"content":{"rendered":"Eisig war\u2019s \u2013 aber so soll er ja sein, der Kalte Markt. So richtig sch\u00f6n ist die Pr\u00e4mierung der R\u00f6sser morgens auf dem Schie\u00dfwasen nur, wenn der Atem der Tiere Wolken in die Winterluft malt und unter den Hufen Schnee knirscht. Diesmal langte der wei\u00dfe Teppich sogar f\u00fcr den Auftritt eines Pferdeschlittens. Warmbl\u00fcter, Kaltbl\u00fcter, Kleinpferde und Gespanne: Jeder Ring hatte seine begeisterte Zuschauertraube.\r\nBeim Umzug am Nachmittag s\u00e4umten dann wieder Tausende die Marien- und die Spitalstra\u00dfe <a href=\"https:\/\/www.reitverein-roehlingen.de\/html\/wordpress\/?p=1536\" class=\"more-link\"> [...]  Weiterlesen<\/a>","protected":false},"excerpt":{"rendered":"<p>Eisig war\u2019s \u2013 aber so soll er ja sein, der Kalte Markt. So richtig sch\u00f6n ist die Pr\u00e4mierung der R\u00f6sser morgens auf dem Schie\u00dfwasen nur, wenn der Atem der Tiere Wolken in die Winterluft malt und unter den Hufen Schnee &hellip; <a href=\"https:\/\/www.reitverein-roehlingen.de\/html\/wordpress\/?p=1536\">Weiterlesen <span class=\"meta-nav\">&rarr;<\/span><\/a><\/p>\n","protected":false},"author":2,"featured_media":0,"comment_status":"closed","ping_status":"closed","sticky":false,"template":"","format":"standard","meta":{"footnotes":""},"categories":[19,8],"tags":[],"class_list":["post-1536","post","type-post","status-publish","format-standard","hentry","category-chronik","category-vereins-historie"],"_links":{"self":[{"href":"https:\/\/www.reitverein-roehlingen.de\/html\/wordpress\/index.php?rest_route=\/wp\/v2\/posts\/1536","targetHints":{"allow":["GET"]}}],"collection":[{"href":"https:\/\/www.reitverein-roehlingen.de\/html\/wordpress\/index.php?rest_route=\/wp\/v2\/posts"}],"about":[{"href":"https:\/\/www.reitverein-roehlingen.de\/html\/wordpress\/index.php?rest_route=\/wp\/v2\/types\/post"}],"author":[{"embeddable":true,"href":"https:\/\/www.reitverein-roehlingen.de\/html\/wordpress\/index.php?rest_route=\/wp\/v2\/users\/2"}],"replies":[{"embeddable":true,"href":"https:\/\/www.reitverein-roehlingen.de\/html\/wordpress\/index.php?rest_route=%2Fwp%2Fv2%2Fcomments&post=1536"}],"version-history":[{"count":8,"href":"https:\/\/www.reitverein-roehlingen.de\/html\/wordpress\/index.php?rest_route=\/wp\/v2\/posts\/1536\/revisions"}],"predecessor-version":[{"id":1545,"href":"https:\/\/www.reitverein-roehlingen.de\/html\/wordpress\/index.php?rest_route=\/wp\/v2\/posts\/1536\/revisions\/1545"}],"wp:attachment":[{"href":"https:\/\/www.reitverein-roehlingen.de\/html\/wordpress\/index.php?rest_route=%2Fwp%2Fv2%2Fmedia&parent=1536"}],"wp:term":[{"taxonomy":"category","embeddable":true,"href":"https:\/\/www.reitverein-roehlingen.de\/html\/wordpress\/index.php?rest_route=%2Fwp%2Fv2%2Fcategories&post=1536"},{"taxonomy":"post_tag","embeddable":true,"href":"https:\/\/www.reitverein-roehlingen.de\/html\/wordpress\/index.php?rest_route=%2Fwp%2Fv2%2Ftags&post=1536"}],"curies":[{"name":"wp","href":"https:\/\/api.w.org\/{rel}","templated":true}]}}