{"id":16880,"date":"2021-11-28T07:58:25","date_gmt":"2021-11-28T07:58:25","guid":{"rendered":"https:\/\/www.reitverein-roehlingen.de\/html\/wordpress\/?p=16880"},"modified":"2022-11-20T13:30:21","modified_gmt":"2022-11-20T13:30:21","slug":"arbeitstag-spezial","status":"publish","type":"post","link":"https:\/\/www.reitverein-roehlingen.de\/html\/wordpress\/?p=16880","title":{"rendered":"Arbeitstag spezial"},"content":{"rendered":"\nAm 27. November wurde der Arbeitstag vom Oktober nachgeholt. Nachdem das Freispringchampionat und das Jungpferdeturnier wegen der steigenden Corona-Zahlen abgesagt wurden, brauchte man diese nicht mehr vorzubereiten. Daher hatte Manuel zu einem besonderen, kleinen Arbeitstag eingeladen. F\u00fcr den Arbeitseinsatz galt 2G (Geimpft und Genesen) f\u00fcr die Helfer. Die Reitanlage musste noch f\u00fcr den Winter vorbereitet werden.\n\n\n\nDie Schar der Helfer hatte fleissig gearbeitet, und das trotz den ersten Schneeflocken.\n\n\n\nDer <a href=\"https:\/\/www.reitverein-roehlingen.de\/html\/wordpress\/?p=16880\" class=\"more-link\"> [...]  Weiterlesen<\/a>","protected":false},"excerpt":{"rendered":"<p>Am 27. November wurde der Arbeitstag vom Oktober nachgeholt. Nachdem das Freispringchampionat und das Jungpferdeturnier wegen der steigenden Corona-Zahlen abgesagt wurden, brauchte man diese nicht mehr vorzubereiten. Daher hatte Manuel zu einem besonderen, kleinen Arbeitstag eingeladen. F\u00fcr den Arbeitseinsatz galt &hellip; <a href=\"https:\/\/www.reitverein-roehlingen.de\/html\/wordpress\/?p=16880\">Weiterlesen <span class=\"meta-nav\">&rarr;<\/span><\/a><\/p>\n","protected":false},"author":2,"featured_media":0,"comment_status":"closed","ping_status":"closed","sticky":false,"template":"","format":"standard","meta":{"footnotes":""},"categories":[19,8],"tags":[],"class_list":["post-16880","post","type-post","status-publish","format-standard","hentry","category-chronik","category-vereins-historie"],"_links":{"self":[{"href":"https:\/\/www.reitverein-roehlingen.de\/html\/wordpress\/index.php?rest_route=\/wp\/v2\/posts\/16880","targetHints":{"allow":["GET"]}}],"collection":[{"href":"https:\/\/www.reitverein-roehlingen.de\/html\/wordpress\/index.php?rest_route=\/wp\/v2\/posts"}],"about":[{"href":"https:\/\/www.reitverein-roehlingen.de\/html\/wordpress\/index.php?rest_route=\/wp\/v2\/types\/post"}],"author":[{"embeddable":true,"href":"https:\/\/www.reitverein-roehlingen.de\/html\/wordpress\/index.php?rest_route=\/wp\/v2\/users\/2"}],"replies":[{"embeddable":true,"href":"https:\/\/www.reitverein-roehlingen.de\/html\/wordpress\/index.php?rest_route=%2Fwp%2Fv2%2Fcomments&post=16880"}],"version-history":[{"count":1,"href":"https:\/\/www.reitverein-roehlingen.de\/html\/wordpress\/index.php?rest_route=\/wp\/v2\/posts\/16880\/revisions"}],"predecessor-version":[{"id":16881,"href":"https:\/\/www.reitverein-roehlingen.de\/html\/wordpress\/index.php?rest_route=\/wp\/v2\/posts\/16880\/revisions\/16881"}],"wp:attachment":[{"href":"https:\/\/www.reitverein-roehlingen.de\/html\/wordpress\/index.php?rest_route=%2Fwp%2Fv2%2Fmedia&parent=16880"}],"wp:term":[{"taxonomy":"category","embeddable":true,"href":"https:\/\/www.reitverein-roehlingen.de\/html\/wordpress\/index.php?rest_route=%2Fwp%2Fv2%2Fcategories&post=16880"},{"taxonomy":"post_tag","embeddable":true,"href":"https:\/\/www.reitverein-roehlingen.de\/html\/wordpress\/index.php?rest_route=%2Fwp%2Fv2%2Ftags&post=16880"}],"curies":[{"name":"wp","href":"https:\/\/api.w.org\/{rel}","templated":true}]}}