{"id":1733,"date":"2008-12-31T09:31:59","date_gmt":"2008-12-31T09:31:59","guid":{"rendered":"http:\/\/www.reitverein-roehlingen.de\/html\/wordpress\/?p=1733"},"modified":"2012-11-10T18:44:08","modified_gmt":"2012-11-10T18:44:08","slug":"weitere-aktivitaten-im-jahr-2008","status":"publish","type":"post","link":"https:\/\/www.reitverein-roehlingen.de\/html\/wordpress\/?p=1733","title":{"rendered":"weitere Aktivit\u00e4ten im Jahr 2008"},"content":{"rendered":"Die R\u00f6hlinger Reiter waren bei der Ostalb-Horse-Tour vertreten.\r\n\r\n\r\n\r\n\r\n\r\nDie R\u00f6hlinger Reiter waren auf verschiedenen anderen Turnieren.\r\n\r\n\r\n\r\n\r\n\r\nDie R\u00f6hlinger Reiter haben sich an den Pferdetagen beteiligt.\r\n\r\n\r\n\r\n\r\n\r\n\r\n\r\n\r\n\r\nAm Kalten Markt waren die R\u00f6hlinger auch vertreten. Josef Thomer schaffte es wieder einmal in die Schw\u00e4bische Post mit seinen Kaltbl\u00fctern.\r\n\r\n\r\n\r\nDie Ipf- und Jagstzeitung brachte in ihrer Sonderbeilage zum Kalten Markt einen Bericht \u00fcber Carmen Epacher und Stefanie <a href=\"https:\/\/www.reitverein-roehlingen.de\/html\/wordpress\/?p=1733\" class=\"more-link\"> [...]  Weiterlesen<\/a>","protected":false},"excerpt":{"rendered":"<p>Die R\u00f6hlinger Reiter waren bei der Ostalb-Horse-Tour vertreten. Die R\u00f6hlinger Reiter waren auf verschiedenen anderen Turnieren. Die R\u00f6hlinger Reiter haben sich an den Pferdetagen beteiligt. Am Kalten Markt waren die R\u00f6hlinger auch vertreten. Josef Thomer schaffte es wieder einmal in &hellip; <a href=\"https:\/\/www.reitverein-roehlingen.de\/html\/wordpress\/?p=1733\">Weiterlesen <span class=\"meta-nav\">&rarr;<\/span><\/a><\/p>\n","protected":false},"author":2,"featured_media":0,"comment_status":"closed","ping_status":"closed","sticky":false,"template":"","format":"standard","meta":{"footnotes":""},"categories":[19,8],"tags":[],"class_list":["post-1733","post","type-post","status-publish","format-standard","hentry","category-chronik","category-vereins-historie"],"_links":{"self":[{"href":"https:\/\/www.reitverein-roehlingen.de\/html\/wordpress\/index.php?rest_route=\/wp\/v2\/posts\/1733","targetHints":{"allow":["GET"]}}],"collection":[{"href":"https:\/\/www.reitverein-roehlingen.de\/html\/wordpress\/index.php?rest_route=\/wp\/v2\/posts"}],"about":[{"href":"https:\/\/www.reitverein-roehlingen.de\/html\/wordpress\/index.php?rest_route=\/wp\/v2\/types\/post"}],"author":[{"embeddable":true,"href":"https:\/\/www.reitverein-roehlingen.de\/html\/wordpress\/index.php?rest_route=\/wp\/v2\/users\/2"}],"replies":[{"embeddable":true,"href":"https:\/\/www.reitverein-roehlingen.de\/html\/wordpress\/index.php?rest_route=%2Fwp%2Fv2%2Fcomments&post=1733"}],"version-history":[{"count":7,"href":"https:\/\/www.reitverein-roehlingen.de\/html\/wordpress\/index.php?rest_route=\/wp\/v2\/posts\/1733\/revisions"}],"predecessor-version":[{"id":1743,"href":"https:\/\/www.reitverein-roehlingen.de\/html\/wordpress\/index.php?rest_route=\/wp\/v2\/posts\/1733\/revisions\/1743"}],"wp:attachment":[{"href":"https:\/\/www.reitverein-roehlingen.de\/html\/wordpress\/index.php?rest_route=%2Fwp%2Fv2%2Fmedia&parent=1733"}],"wp:term":[{"taxonomy":"category","embeddable":true,"href":"https:\/\/www.reitverein-roehlingen.de\/html\/wordpress\/index.php?rest_route=%2Fwp%2Fv2%2Fcategories&post=1733"},{"taxonomy":"post_tag","embeddable":true,"href":"https:\/\/www.reitverein-roehlingen.de\/html\/wordpress\/index.php?rest_route=%2Fwp%2Fv2%2Ftags&post=1733"}],"curies":[{"name":"wp","href":"https:\/\/api.w.org\/{rel}","templated":true}]}}