{"id":17713,"date":"2022-08-13T14:38:39","date_gmt":"2022-08-13T14:38:39","guid":{"rendered":"https:\/\/www.reitverein-roehlingen.de\/html\/wordpress\/?p=17713"},"modified":"2022-11-20T13:34:45","modified_gmt":"2022-11-20T13:34:45","slug":"ein-tolles-ferienprogramm-fuer-kinder","status":"publish","type":"post","link":"https:\/\/www.reitverein-roehlingen.de\/html\/wordpress\/?p=17713","title":{"rendered":"Ein tolles Ferienprogramm f\u00fcr Kinder"},"content":{"rendered":"\nELLWANGEN-R\u00d6HLINGEN (db)- Am 13. August veranstaltete der Reit- und Fahrverein R\u00f6hlingen sein Ferienprogramm in diesem Jahr. Zwanzig Kinder zwischen f\u00fcnf und zehn Jahren hatten ihren Spa\u00df bei den Pferden und waren begeistert.\n\n\n\nInga Maierh\u00f6fer, Jugendwart des Vereins, hatte mit vielen weiteren Helfern ein tolles Ferienprogramm f\u00fcr die Kinder organisiert. Im Mittelpunkt standen nat\u00fcrlich die Pferde. Das beliebte Ferienprogramm durfte dieses Jahr endlich wieder stattfinden. Um den vielen Kindern <a href=\"https:\/\/www.reitverein-roehlingen.de\/html\/wordpress\/?p=17713\" class=\"more-link\"> [...]  Weiterlesen<\/a>","protected":false},"excerpt":{"rendered":"<p>ELLWANGEN-R\u00d6HLINGEN (db)- Am 13. August veranstaltete der Reit- und Fahrverein R\u00f6hlingen sein Ferienprogramm in diesem Jahr. Zwanzig Kinder zwischen f\u00fcnf und zehn Jahren hatten ihren Spa\u00df bei den Pferden und waren begeistert. Inga Maierh\u00f6fer, Jugendwart des Vereins, hatte mit vielen &hellip; <a href=\"https:\/\/www.reitverein-roehlingen.de\/html\/wordpress\/?p=17713\">Weiterlesen <span class=\"meta-nav\">&rarr;<\/span><\/a><\/p>\n","protected":false},"author":2,"featured_media":0,"comment_status":"closed","ping_status":"closed","sticky":false,"template":"","format":"standard","meta":{"footnotes":""},"categories":[19,35,8],"tags":[],"class_list":["post-17713","post","type-post","status-publish","format-standard","hentry","category-chronik","category-jugend","category-vereins-historie"],"_links":{"self":[{"href":"https:\/\/www.reitverein-roehlingen.de\/html\/wordpress\/index.php?rest_route=\/wp\/v2\/posts\/17713","targetHints":{"allow":["GET"]}}],"collection":[{"href":"https:\/\/www.reitverein-roehlingen.de\/html\/wordpress\/index.php?rest_route=\/wp\/v2\/posts"}],"about":[{"href":"https:\/\/www.reitverein-roehlingen.de\/html\/wordpress\/index.php?rest_route=\/wp\/v2\/types\/post"}],"author":[{"embeddable":true,"href":"https:\/\/www.reitverein-roehlingen.de\/html\/wordpress\/index.php?rest_route=\/wp\/v2\/users\/2"}],"replies":[{"embeddable":true,"href":"https:\/\/www.reitverein-roehlingen.de\/html\/wordpress\/index.php?rest_route=%2Fwp%2Fv2%2Fcomments&post=17713"}],"version-history":[{"count":1,"href":"https:\/\/www.reitverein-roehlingen.de\/html\/wordpress\/index.php?rest_route=\/wp\/v2\/posts\/17713\/revisions"}],"predecessor-version":[{"id":17714,"href":"https:\/\/www.reitverein-roehlingen.de\/html\/wordpress\/index.php?rest_route=\/wp\/v2\/posts\/17713\/revisions\/17714"}],"wp:attachment":[{"href":"https:\/\/www.reitverein-roehlingen.de\/html\/wordpress\/index.php?rest_route=%2Fwp%2Fv2%2Fmedia&parent=17713"}],"wp:term":[{"taxonomy":"category","embeddable":true,"href":"https:\/\/www.reitverein-roehlingen.de\/html\/wordpress\/index.php?rest_route=%2Fwp%2Fv2%2Fcategories&post=17713"},{"taxonomy":"post_tag","embeddable":true,"href":"https:\/\/www.reitverein-roehlingen.de\/html\/wordpress\/index.php?rest_route=%2Fwp%2Fv2%2Ftags&post=17713"}],"curies":[{"name":"wp","href":"https:\/\/api.w.org\/{rel}","templated":true}]}}