{"id":185,"date":"1988-12-31T08:56:32","date_gmt":"1988-12-31T08:56:32","guid":{"rendered":"http:\/\/www.reitverein-roehlingen.de\/html\/wordpress\/?p=185"},"modified":"2012-07-06T12:11:04","modified_gmt":"2012-07-06T12:11:04","slug":"1988","status":"publish","type":"post","link":"https:\/\/www.reitverein-roehlingen.de\/html\/wordpress\/?p=185","title":{"rendered":"1988"},"content":{"rendered":"Thomas Konle wird mit der deutschen Juniorenmannschaft Europameister im Springen. In der Einzelwertung erreicht er einen 15.Platz. Thomas Konle wird B-W Meister, Axel Lempart wird B-W Vizemeister im Springen f\u00fcr Junioren. Hans-Peter Konle erreicht den 8.Platz. 2.Platz f\u00fcr Stefanie Lempart und 3.Platz f\u00fcr Elke Konle beim B-W Springchampionat f\u00fcr Junioren; Hans- Peter Konle erreitet beim Preis der Besten in Warendorf den 5. Platz.\r\n\r\n <a href=\"https:\/\/www.reitverein-roehlingen.de\/html\/wordpress\/?p=185\" class=\"more-link\"> [...]  Weiterlesen<\/a>","protected":false},"excerpt":{"rendered":"<p>Thomas Konle wird mit der deutschen Juniorenmannschaft Europameister im Springen. In der Einzelwertung erreicht er einen 15.Platz. Thomas Konle wird B-W Meister, Axel Lempart wird B-W Vizemeister im Springen f\u00fcr Junioren. Hans-Peter Konle erreicht den 8.Platz. 2.Platz f\u00fcr Stefanie Lempart &hellip; <a href=\"https:\/\/www.reitverein-roehlingen.de\/html\/wordpress\/?p=185\">Weiterlesen <span class=\"meta-nav\">&rarr;<\/span><\/a><\/p>\n","protected":false},"author":2,"featured_media":0,"comment_status":"closed","ping_status":"closed","sticky":false,"template":"","format":"standard","meta":{"footnotes":""},"categories":[23,8],"tags":[],"class_list":["post-185","post","type-post","status-publish","format-standard","hentry","category-meisterschaftserfolge","category-vereins-historie"],"_links":{"self":[{"href":"https:\/\/www.reitverein-roehlingen.de\/html\/wordpress\/index.php?rest_route=\/wp\/v2\/posts\/185","targetHints":{"allow":["GET"]}}],"collection":[{"href":"https:\/\/www.reitverein-roehlingen.de\/html\/wordpress\/index.php?rest_route=\/wp\/v2\/posts"}],"about":[{"href":"https:\/\/www.reitverein-roehlingen.de\/html\/wordpress\/index.php?rest_route=\/wp\/v2\/types\/post"}],"author":[{"embeddable":true,"href":"https:\/\/www.reitverein-roehlingen.de\/html\/wordpress\/index.php?rest_route=\/wp\/v2\/users\/2"}],"replies":[{"embeddable":true,"href":"https:\/\/www.reitverein-roehlingen.de\/html\/wordpress\/index.php?rest_route=%2Fwp%2Fv2%2Fcomments&post=185"}],"version-history":[{"count":4,"href":"https:\/\/www.reitverein-roehlingen.de\/html\/wordpress\/index.php?rest_route=\/wp\/v2\/posts\/185\/revisions"}],"predecessor-version":[{"id":765,"href":"https:\/\/www.reitverein-roehlingen.de\/html\/wordpress\/index.php?rest_route=\/wp\/v2\/posts\/185\/revisions\/765"}],"wp:attachment":[{"href":"https:\/\/www.reitverein-roehlingen.de\/html\/wordpress\/index.php?rest_route=%2Fwp%2Fv2%2Fmedia&parent=185"}],"wp:term":[{"taxonomy":"category","embeddable":true,"href":"https:\/\/www.reitverein-roehlingen.de\/html\/wordpress\/index.php?rest_route=%2Fwp%2Fv2%2Fcategories&post=185"},{"taxonomy":"post_tag","embeddable":true,"href":"https:\/\/www.reitverein-roehlingen.de\/html\/wordpress\/index.php?rest_route=%2Fwp%2Fv2%2Ftags&post=185"}],"curies":[{"name":"wp","href":"https:\/\/api.w.org\/{rel}","templated":true}]}}