{"id":2069,"date":"1999-12-31T12:15:33","date_gmt":"1999-12-31T12:15:33","guid":{"rendered":"http:\/\/www.reitverein-roehlingen.de\/html\/wordpress\/?p=2069"},"modified":"2013-11-03T19:41:29","modified_gmt":"2013-11-03T19:41:29","slug":"was-war-im-jubilaumsjahr-sonst-noch-los","status":"publish","type":"post","link":"https:\/\/www.reitverein-roehlingen.de\/html\/wordpress\/?p=2069","title":{"rendered":"was war im Jubil\u00e4umsjahr sonst noch los&#8230;"},"content":{"rendered":"Am Kalten Markt war der Verein auch vertreten.\r\n\r\n\r\n\r\n\r\n\r\nAm 1. Mai fand wieder ein Orientierungsritt statt. 8 Teams ritten \u00fcber die 14km lange Strecke zu den einzelnen Stationen.\r\n\r\n\r\n\r\nEnde Juli fand das gro\u00dfe Jubil\u00e4um statt mit Vorf\u00fchrungen zu allen Bereichen rund ums Pferd. Den Abschluss des Festes machte am Montag die Schule mit einem Kinderfest.\r\n\r\n\r\n\r\nAm 2. Oktober fand ein gelungenes Rockkonzert statt.\r\n\r\nIm Herbst gab es wieder den Vereinsausritt.\r\n\r\n\r\n\r\n\r\n\r\n\r\n\r\n\r\n\r\nVon Werner Wiedenh\u00f6fer <a href=\"https:\/\/www.reitverein-roehlingen.de\/html\/wordpress\/?p=2069\" class=\"more-link\"> [...]  Weiterlesen<\/a>","protected":false},"excerpt":{"rendered":"<p>Am Kalten Markt war der Verein auch vertreten. Am 1. Mai fand wieder ein Orientierungsritt statt. 8 Teams ritten \u00fcber die 14km lange Strecke zu den einzelnen Stationen. Ende Juli fand das gro\u00dfe Jubil\u00e4um statt mit Vorf\u00fchrungen zu allen Bereichen &hellip; <a href=\"https:\/\/www.reitverein-roehlingen.de\/html\/wordpress\/?p=2069\">Weiterlesen <span class=\"meta-nav\">&rarr;<\/span><\/a><\/p>\n","protected":false},"author":2,"featured_media":0,"comment_status":"closed","ping_status":"closed","sticky":false,"template":"","format":"standard","meta":{"footnotes":""},"categories":[19,8],"tags":[],"class_list":["post-2069","post","type-post","status-publish","format-standard","hentry","category-chronik","category-vereins-historie"],"_links":{"self":[{"href":"https:\/\/www.reitverein-roehlingen.de\/html\/wordpress\/index.php?rest_route=\/wp\/v2\/posts\/2069","targetHints":{"allow":["GET"]}}],"collection":[{"href":"https:\/\/www.reitverein-roehlingen.de\/html\/wordpress\/index.php?rest_route=\/wp\/v2\/posts"}],"about":[{"href":"https:\/\/www.reitverein-roehlingen.de\/html\/wordpress\/index.php?rest_route=\/wp\/v2\/types\/post"}],"author":[{"embeddable":true,"href":"https:\/\/www.reitverein-roehlingen.de\/html\/wordpress\/index.php?rest_route=\/wp\/v2\/users\/2"}],"replies":[{"embeddable":true,"href":"https:\/\/www.reitverein-roehlingen.de\/html\/wordpress\/index.php?rest_route=%2Fwp%2Fv2%2Fcomments&post=2069"}],"version-history":[{"count":4,"href":"https:\/\/www.reitverein-roehlingen.de\/html\/wordpress\/index.php?rest_route=\/wp\/v2\/posts\/2069\/revisions"}],"predecessor-version":[{"id":5179,"href":"https:\/\/www.reitverein-roehlingen.de\/html\/wordpress\/index.php?rest_route=\/wp\/v2\/posts\/2069\/revisions\/5179"}],"wp:attachment":[{"href":"https:\/\/www.reitverein-roehlingen.de\/html\/wordpress\/index.php?rest_route=%2Fwp%2Fv2%2Fmedia&parent=2069"}],"wp:term":[{"taxonomy":"category","embeddable":true,"href":"https:\/\/www.reitverein-roehlingen.de\/html\/wordpress\/index.php?rest_route=%2Fwp%2Fv2%2Fcategories&post=2069"},{"taxonomy":"post_tag","embeddable":true,"href":"https:\/\/www.reitverein-roehlingen.de\/html\/wordpress\/index.php?rest_route=%2Fwp%2Fv2%2Ftags&post=2069"}],"curies":[{"name":"wp","href":"https:\/\/api.w.org\/{rel}","templated":true}]}}