{"id":2167,"date":"2002-04-24T19:25:22","date_gmt":"2002-04-24T19:25:22","guid":{"rendered":"http:\/\/www.reitverein-roehlingen.de\/html\/wordpress\/?p=2167"},"modified":"2012-07-26T19:28:27","modified_gmt":"2012-07-26T19:28:27","slug":"ara-buhler-geht-zu-ende","status":"publish","type":"post","link":"https:\/\/www.reitverein-roehlingen.de\/html\/wordpress\/?p=2167","title":{"rendered":"\u00c4ra B\u00fchler geht zu Ende"},"content":{"rendered":"Gebhard B\u00fchler 19 Jahre Vorsitzender des Reit- und Fahrvereins R\u00f6hlingen\r\n\r\n\u201eEin sehr erfolgreiches Kapitel der Vereinsgeschichte geht beim Reit- und Fahrverein\u00a0 R\u00f6hlingen zu Ende. Zweimal B\u00fchler an der Spitze des Vereins findet einen vorl\u00e4ufigen Schlusspunkt\u201c, stellte der neugew\u00e4hlte erste Vorsitzende des Reit- und Fahrvereins R\u00f6hlingen und Umgebung 1924 e.V. Josef Uhl bei der diesj\u00e4hrigen Jahrshauptversammlung in Ellwangen-Neunstadt fest. Sehr erfolgreich sei das F\u00fchrungsteam des <a href=\"https:\/\/www.reitverein-roehlingen.de\/html\/wordpress\/?p=2167\" class=\"more-link\"> [...]  Weiterlesen<\/a>","protected":false},"excerpt":{"rendered":"<p>Gebhard B\u00fchler 19 Jahre Vorsitzender des Reit- und Fahrvereins R\u00f6hlingen \u201eEin sehr erfolgreiches Kapitel der Vereinsgeschichte geht beim Reit- und Fahrverein\u00a0 R\u00f6hlingen zu Ende. Zweimal B\u00fchler an der Spitze des Vereins findet einen vorl\u00e4ufigen Schlusspunkt\u201c, stellte der neugew\u00e4hlte erste Vorsitzende &hellip; <a href=\"https:\/\/www.reitverein-roehlingen.de\/html\/wordpress\/?p=2167\">Weiterlesen <span class=\"meta-nav\">&rarr;<\/span><\/a><\/p>\n","protected":false},"author":2,"featured_media":0,"comment_status":"closed","ping_status":"closed","sticky":false,"template":"","format":"standard","meta":{"footnotes":""},"categories":[19,8],"tags":[],"class_list":["post-2167","post","type-post","status-publish","format-standard","hentry","category-chronik","category-vereins-historie"],"_links":{"self":[{"href":"https:\/\/www.reitverein-roehlingen.de\/html\/wordpress\/index.php?rest_route=\/wp\/v2\/posts\/2167","targetHints":{"allow":["GET"]}}],"collection":[{"href":"https:\/\/www.reitverein-roehlingen.de\/html\/wordpress\/index.php?rest_route=\/wp\/v2\/posts"}],"about":[{"href":"https:\/\/www.reitverein-roehlingen.de\/html\/wordpress\/index.php?rest_route=\/wp\/v2\/types\/post"}],"author":[{"embeddable":true,"href":"https:\/\/www.reitverein-roehlingen.de\/html\/wordpress\/index.php?rest_route=\/wp\/v2\/users\/2"}],"replies":[{"embeddable":true,"href":"https:\/\/www.reitverein-roehlingen.de\/html\/wordpress\/index.php?rest_route=%2Fwp%2Fv2%2Fcomments&post=2167"}],"version-history":[{"count":1,"href":"https:\/\/www.reitverein-roehlingen.de\/html\/wordpress\/index.php?rest_route=\/wp\/v2\/posts\/2167\/revisions"}],"predecessor-version":[{"id":2169,"href":"https:\/\/www.reitverein-roehlingen.de\/html\/wordpress\/index.php?rest_route=\/wp\/v2\/posts\/2167\/revisions\/2169"}],"wp:attachment":[{"href":"https:\/\/www.reitverein-roehlingen.de\/html\/wordpress\/index.php?rest_route=%2Fwp%2Fv2%2Fmedia&parent=2167"}],"wp:term":[{"taxonomy":"category","embeddable":true,"href":"https:\/\/www.reitverein-roehlingen.de\/html\/wordpress\/index.php?rest_route=%2Fwp%2Fv2%2Fcategories&post=2167"},{"taxonomy":"post_tag","embeddable":true,"href":"https:\/\/www.reitverein-roehlingen.de\/html\/wordpress\/index.php?rest_route=%2Fwp%2Fv2%2Ftags&post=2167"}],"curies":[{"name":"wp","href":"https:\/\/api.w.org\/{rel}","templated":true}]}}