{"id":23158,"date":"2025-04-22T12:54:23","date_gmt":"2025-04-22T12:54:23","guid":{"rendered":"https:\/\/www.reitverein-roehlingen.de\/html\/wordpress\/?p=23158"},"modified":"2026-03-21T08:26:09","modified_gmt":"2026-03-21T08:26:09","slug":"wir-waren-beim-palmritt-in-diederstetten-dabei","status":"publish","type":"post","link":"https:\/\/www.reitverein-roehlingen.de\/html\/wordpress\/?p=23158","title":{"rendered":"Wir waren beim Palmritt in Diederstetten dabei"},"content":{"rendered":"\nAm Palmsonntag, dem 13. April fand in Diederstetten (geh\u00f6rt zu Wilburgstetten) der 24. Palmritt statt. Der Palmritt ist ein Ritt zu Ehren des Viehpatrons Wendelin und f\u00fchrt vom Reitpark in Diederstetten zur katholischen Kirche St. Margareta (das ist der H\u00fcgel der Heiligen Kreuzkapelle Wilburgstetten) nach Wilburgstetten. Diese wird umritten und dort gibt es den Segen f\u00fcr die Pferde. Den Segen spendete dieses Jahr Pater Thomas. Danach geht der Ritt zur\u00fcck zum Reitpark in Diederstetten, wo es <a href=\"https:\/\/www.reitverein-roehlingen.de\/html\/wordpress\/?p=23158\" class=\"more-link\"> [...]  Weiterlesen<\/a>","protected":false},"excerpt":{"rendered":"<p>Am Palmsonntag, dem 13. April fand in Diederstetten (geh\u00f6rt zu Wilburgstetten) der 24. Palmritt statt. Der Palmritt ist ein Ritt zu Ehren des Viehpatrons Wendelin und f\u00fchrt vom Reitpark in Diederstetten zur katholischen Kirche St. Margareta (das ist der H\u00fcgel &hellip; <a href=\"https:\/\/www.reitverein-roehlingen.de\/html\/wordpress\/?p=23158\">Weiterlesen <span class=\"meta-nav\">&rarr;<\/span><\/a><\/p>\n","protected":false},"author":2,"featured_media":0,"comment_status":"closed","ping_status":"closed","sticky":false,"template":"","format":"standard","meta":{"footnotes":""},"categories":[19,24,8],"tags":[],"class_list":["post-23158","post","type-post","status-publish","format-standard","hentry","category-chronik","category-kirchliche-ritte","category-vereins-historie"],"_links":{"self":[{"href":"https:\/\/www.reitverein-roehlingen.de\/html\/wordpress\/index.php?rest_route=\/wp\/v2\/posts\/23158","targetHints":{"allow":["GET"]}}],"collection":[{"href":"https:\/\/www.reitverein-roehlingen.de\/html\/wordpress\/index.php?rest_route=\/wp\/v2\/posts"}],"about":[{"href":"https:\/\/www.reitverein-roehlingen.de\/html\/wordpress\/index.php?rest_route=\/wp\/v2\/types\/post"}],"author":[{"embeddable":true,"href":"https:\/\/www.reitverein-roehlingen.de\/html\/wordpress\/index.php?rest_route=\/wp\/v2\/users\/2"}],"replies":[{"embeddable":true,"href":"https:\/\/www.reitverein-roehlingen.de\/html\/wordpress\/index.php?rest_route=%2Fwp%2Fv2%2Fcomments&post=23158"}],"version-history":[{"count":1,"href":"https:\/\/www.reitverein-roehlingen.de\/html\/wordpress\/index.php?rest_route=\/wp\/v2\/posts\/23158\/revisions"}],"predecessor-version":[{"id":23159,"href":"https:\/\/www.reitverein-roehlingen.de\/html\/wordpress\/index.php?rest_route=\/wp\/v2\/posts\/23158\/revisions\/23159"}],"wp:attachment":[{"href":"https:\/\/www.reitverein-roehlingen.de\/html\/wordpress\/index.php?rest_route=%2Fwp%2Fv2%2Fmedia&parent=23158"}],"wp:term":[{"taxonomy":"category","embeddable":true,"href":"https:\/\/www.reitverein-roehlingen.de\/html\/wordpress\/index.php?rest_route=%2Fwp%2Fv2%2Fcategories&post=23158"},{"taxonomy":"post_tag","embeddable":true,"href":"https:\/\/www.reitverein-roehlingen.de\/html\/wordpress\/index.php?rest_route=%2Fwp%2Fv2%2Ftags&post=23158"}],"curies":[{"name":"wp","href":"https:\/\/api.w.org\/{rel}","templated":true}]}}