{"id":2412,"date":"2009-12-31T07:10:32","date_gmt":"2009-12-31T07:10:32","guid":{"rendered":"http:\/\/www.reitverein-roehlingen.de\/html\/wordpress\/?p=2412"},"modified":"2012-09-12T07:15:17","modified_gmt":"2012-09-12T07:15:17","slug":"die-treuen-mitglieder-2","status":"publish","type":"post","link":"https:\/\/www.reitverein-roehlingen.de\/html\/wordpress\/?p=2412","title":{"rendered":"Die treuen Mitglieder"},"content":{"rendered":"2009 wurden geehrt:\r\n\r\nF\u00fcr 40 Jahre im Verein:\r\n\r\nMagdalena Mayer aus R\u00f6hlingen\r\n\r\nF\u00fcr 25 Jahre im Verein:\r\n\r\nJosef Sekler aus R\u00f6hlingen, Markus Thor aus Killingen, Beate Rettenmaier aus R\u00f6hlingen, Marianne Kirsch aus R\u00f6hlingen und Karl Ebert aus Rainau-Schwabsberg\r\n\r\nF\u00fcr 20 Jahre aktiv im Verein:\r\n\r\nBeate Pfitzer aus Neunheim, Rainer Abele aus R\u00f6hlingen, Claudia Pollet aus R\u00f6hlingen und Mario Walter aus Lippach\r\n\r\nF\u00fcr 10 Jahre aktiv im Verein:\r\n\r\nPatricia und Carmen G\u00f6sele aus R\u00f6hlingen, <a href=\"https:\/\/www.reitverein-roehlingen.de\/html\/wordpress\/?p=2412\" class=\"more-link\"> [...]  Weiterlesen<\/a>","protected":false},"excerpt":{"rendered":"<p>2009 wurden geehrt: F\u00fcr 40 Jahre im Verein: Magdalena Mayer aus R\u00f6hlingen F\u00fcr 25 Jahre im Verein: Josef Sekler aus R\u00f6hlingen, Markus Thor aus Killingen, Beate Rettenmaier aus R\u00f6hlingen, Marianne Kirsch aus R\u00f6hlingen und Karl Ebert aus Rainau-Schwabsberg F\u00fcr 20 &hellip; <a href=\"https:\/\/www.reitverein-roehlingen.de\/html\/wordpress\/?p=2412\">Weiterlesen <span class=\"meta-nav\">&rarr;<\/span><\/a><\/p>\n","protected":false},"author":2,"featured_media":0,"comment_status":"closed","ping_status":"closed","sticky":false,"template":"","format":"standard","meta":{"footnotes":""},"categories":[19,8],"tags":[],"class_list":["post-2412","post","type-post","status-publish","format-standard","hentry","category-chronik","category-vereins-historie"],"_links":{"self":[{"href":"https:\/\/www.reitverein-roehlingen.de\/html\/wordpress\/index.php?rest_route=\/wp\/v2\/posts\/2412","targetHints":{"allow":["GET"]}}],"collection":[{"href":"https:\/\/www.reitverein-roehlingen.de\/html\/wordpress\/index.php?rest_route=\/wp\/v2\/posts"}],"about":[{"href":"https:\/\/www.reitverein-roehlingen.de\/html\/wordpress\/index.php?rest_route=\/wp\/v2\/types\/post"}],"author":[{"embeddable":true,"href":"https:\/\/www.reitverein-roehlingen.de\/html\/wordpress\/index.php?rest_route=\/wp\/v2\/users\/2"}],"replies":[{"embeddable":true,"href":"https:\/\/www.reitverein-roehlingen.de\/html\/wordpress\/index.php?rest_route=%2Fwp%2Fv2%2Fcomments&post=2412"}],"version-history":[{"count":2,"href":"https:\/\/www.reitverein-roehlingen.de\/html\/wordpress\/index.php?rest_route=\/wp\/v2\/posts\/2412\/revisions"}],"predecessor-version":[{"id":2414,"href":"https:\/\/www.reitverein-roehlingen.de\/html\/wordpress\/index.php?rest_route=\/wp\/v2\/posts\/2412\/revisions\/2414"}],"wp:attachment":[{"href":"https:\/\/www.reitverein-roehlingen.de\/html\/wordpress\/index.php?rest_route=%2Fwp%2Fv2%2Fmedia&parent=2412"}],"wp:term":[{"taxonomy":"category","embeddable":true,"href":"https:\/\/www.reitverein-roehlingen.de\/html\/wordpress\/index.php?rest_route=%2Fwp%2Fv2%2Fcategories&post=2412"},{"taxonomy":"post_tag","embeddable":true,"href":"https:\/\/www.reitverein-roehlingen.de\/html\/wordpress\/index.php?rest_route=%2Fwp%2Fv2%2Ftags&post=2412"}],"curies":[{"name":"wp","href":"https:\/\/api.w.org\/{rel}","templated":true}]}}