{"id":2420,"date":"2006-12-31T07:28:38","date_gmt":"2006-12-31T07:28:38","guid":{"rendered":"http:\/\/www.reitverein-roehlingen.de\/html\/wordpress\/?p=2420"},"modified":"2012-09-12T07:34:12","modified_gmt":"2012-09-12T07:34:12","slug":"die-treuen-mitglieder-5","status":"publish","type":"post","link":"https:\/\/www.reitverein-roehlingen.de\/html\/wordpress\/?p=2420","title":{"rendered":"Die treuen Mitglieder"},"content":{"rendered":"2006 wurden geehrt:\r\n\r\nF\u00fcr 50 Jahre im Verein:\r\n\r\nHermann und Xaver Feile aus Killingen\r\n\r\nF\u00fcr 40 Jahre im Verein:\r\n\r\nGebhard B\u00fchler aus Pfahlheim\r\n\r\nF\u00fcr 25 Jahre im Verein:\r\n\r\nAlfred, Andreas und Gebhard B\u00fchler, alle aus R\u00f6hlingen, Robert Jakob aus Lauchheim, Hans-Peter Konle aus R\u00f6hlingen und Waltraud Haag aus Kirchheim\r\n\r\nF\u00fcr 10 Jahre aktiv im Verein:\r\n\r\nGerhard Herre aus Hardt, Ines Abele aus Pfahlheim, Petra Hahn aus Westhausen, Regina Eiberger aus R\u00f6hlingen und Anette, Fabienne, Leonie <a href=\"https:\/\/www.reitverein-roehlingen.de\/html\/wordpress\/?p=2420\" class=\"more-link\"> [...]  Weiterlesen<\/a>","protected":false},"excerpt":{"rendered":"<p>2006 wurden geehrt: F\u00fcr 50 Jahre im Verein: Hermann und Xaver Feile aus Killingen F\u00fcr 40 Jahre im Verein: Gebhard B\u00fchler aus Pfahlheim F\u00fcr 25 Jahre im Verein: Alfred, Andreas und Gebhard B\u00fchler, alle aus R\u00f6hlingen, Robert Jakob aus Lauchheim, &hellip; <a href=\"https:\/\/www.reitverein-roehlingen.de\/html\/wordpress\/?p=2420\">Weiterlesen <span class=\"meta-nav\">&rarr;<\/span><\/a><\/p>\n","protected":false},"author":2,"featured_media":0,"comment_status":"closed","ping_status":"closed","sticky":false,"template":"","format":"standard","meta":{"footnotes":""},"categories":[19,8],"tags":[],"class_list":["post-2420","post","type-post","status-publish","format-standard","hentry","category-chronik","category-vereins-historie"],"_links":{"self":[{"href":"https:\/\/www.reitverein-roehlingen.de\/html\/wordpress\/index.php?rest_route=\/wp\/v2\/posts\/2420","targetHints":{"allow":["GET"]}}],"collection":[{"href":"https:\/\/www.reitverein-roehlingen.de\/html\/wordpress\/index.php?rest_route=\/wp\/v2\/posts"}],"about":[{"href":"https:\/\/www.reitverein-roehlingen.de\/html\/wordpress\/index.php?rest_route=\/wp\/v2\/types\/post"}],"author":[{"embeddable":true,"href":"https:\/\/www.reitverein-roehlingen.de\/html\/wordpress\/index.php?rest_route=\/wp\/v2\/users\/2"}],"replies":[{"embeddable":true,"href":"https:\/\/www.reitverein-roehlingen.de\/html\/wordpress\/index.php?rest_route=%2Fwp%2Fv2%2Fcomments&post=2420"}],"version-history":[{"count":2,"href":"https:\/\/www.reitverein-roehlingen.de\/html\/wordpress\/index.php?rest_route=\/wp\/v2\/posts\/2420\/revisions"}],"predecessor-version":[{"id":2422,"href":"https:\/\/www.reitverein-roehlingen.de\/html\/wordpress\/index.php?rest_route=\/wp\/v2\/posts\/2420\/revisions\/2422"}],"wp:attachment":[{"href":"https:\/\/www.reitverein-roehlingen.de\/html\/wordpress\/index.php?rest_route=%2Fwp%2Fv2%2Fmedia&parent=2420"}],"wp:term":[{"taxonomy":"category","embeddable":true,"href":"https:\/\/www.reitverein-roehlingen.de\/html\/wordpress\/index.php?rest_route=%2Fwp%2Fv2%2Fcategories&post=2420"},{"taxonomy":"post_tag","embeddable":true,"href":"https:\/\/www.reitverein-roehlingen.de\/html\/wordpress\/index.php?rest_route=%2Fwp%2Fv2%2Ftags&post=2420"}],"curies":[{"name":"wp","href":"https:\/\/api.w.org\/{rel}","templated":true}]}}