{"id":2430,"date":"2002-12-31T07:50:16","date_gmt":"2002-12-31T07:50:16","guid":{"rendered":"http:\/\/www.reitverein-roehlingen.de\/html\/wordpress\/?p=2430"},"modified":"2012-09-12T07:56:37","modified_gmt":"2012-09-12T07:56:37","slug":"die-treuen-mitglieder-8","status":"publish","type":"post","link":"https:\/\/www.reitverein-roehlingen.de\/html\/wordpress\/?p=2430","title":{"rendered":"Die treuen Mitglieder"},"content":{"rendered":"2002 wurden geehrt:\r\n\r\nF\u00fcr 50 Jahre im Verein:\r\n\r\nLeo Lachnit aus Neunstadt\r\n\r\nF\u00fcr 40 Jahre im Verein:\r\n\r\nAnton B\u00fchler aus Neunstadt und Klaus Vaas aus R\u00f6hlingen\r\n\r\nF\u00fcr 30 Jahre aktiv im Verein:\r\n\r\nAnton Rettenmaier aus R\u00f6hlingen\r\n\r\nF\u00fcr 25 Jahre im Verein:\r\n\r\nGudrun B\u00fchler aus R\u00f6hlingen, Georg Eckl aus Rainau-Schwabsberg, Franz Brenner aus R\u00f6tlen und Georg G\u00f6sele sen. aus R\u00f6hlingen\r\n\r\nF\u00fcr 10 Jahre aktiv im Verein:\r\n\r\nWolfgang Abele aus R\u00f6tlen, Anton B\u00fchler aus Neunstadt, Bernhard Jaumann <a href=\"https:\/\/www.reitverein-roehlingen.de\/html\/wordpress\/?p=2430\" class=\"more-link\"> [...]  Weiterlesen<\/a>","protected":false},"excerpt":{"rendered":"<p>2002 wurden geehrt: F\u00fcr 50 Jahre im Verein: Leo Lachnit aus Neunstadt F\u00fcr 40 Jahre im Verein: Anton B\u00fchler aus Neunstadt und Klaus Vaas aus R\u00f6hlingen F\u00fcr 30 Jahre aktiv im Verein: Anton Rettenmaier aus R\u00f6hlingen F\u00fcr 25 Jahre im &hellip; <a href=\"https:\/\/www.reitverein-roehlingen.de\/html\/wordpress\/?p=2430\">Weiterlesen <span class=\"meta-nav\">&rarr;<\/span><\/a><\/p>\n","protected":false},"author":2,"featured_media":0,"comment_status":"closed","ping_status":"closed","sticky":false,"template":"","format":"standard","meta":{"footnotes":""},"categories":[19,8],"tags":[],"class_list":["post-2430","post","type-post","status-publish","format-standard","hentry","category-chronik","category-vereins-historie"],"_links":{"self":[{"href":"https:\/\/www.reitverein-roehlingen.de\/html\/wordpress\/index.php?rest_route=\/wp\/v2\/posts\/2430","targetHints":{"allow":["GET"]}}],"collection":[{"href":"https:\/\/www.reitverein-roehlingen.de\/html\/wordpress\/index.php?rest_route=\/wp\/v2\/posts"}],"about":[{"href":"https:\/\/www.reitverein-roehlingen.de\/html\/wordpress\/index.php?rest_route=\/wp\/v2\/types\/post"}],"author":[{"embeddable":true,"href":"https:\/\/www.reitverein-roehlingen.de\/html\/wordpress\/index.php?rest_route=\/wp\/v2\/users\/2"}],"replies":[{"embeddable":true,"href":"https:\/\/www.reitverein-roehlingen.de\/html\/wordpress\/index.php?rest_route=%2Fwp%2Fv2%2Fcomments&post=2430"}],"version-history":[{"count":2,"href":"https:\/\/www.reitverein-roehlingen.de\/html\/wordpress\/index.php?rest_route=\/wp\/v2\/posts\/2430\/revisions"}],"predecessor-version":[{"id":3536,"href":"https:\/\/www.reitverein-roehlingen.de\/html\/wordpress\/index.php?rest_route=\/wp\/v2\/posts\/2430\/revisions\/3536"}],"wp:attachment":[{"href":"https:\/\/www.reitverein-roehlingen.de\/html\/wordpress\/index.php?rest_route=%2Fwp%2Fv2%2Fmedia&parent=2430"}],"wp:term":[{"taxonomy":"category","embeddable":true,"href":"https:\/\/www.reitverein-roehlingen.de\/html\/wordpress\/index.php?rest_route=%2Fwp%2Fv2%2Fcategories&post=2430"},{"taxonomy":"post_tag","embeddable":true,"href":"https:\/\/www.reitverein-roehlingen.de\/html\/wordpress\/index.php?rest_route=%2Fwp%2Fv2%2Ftags&post=2430"}],"curies":[{"name":"wp","href":"https:\/\/api.w.org\/{rel}","templated":true}]}}