{"id":2432,"date":"2001-12-31T07:56:56","date_gmt":"2001-12-31T07:56:56","guid":{"rendered":"http:\/\/www.reitverein-roehlingen.de\/html\/wordpress\/?p=2432"},"modified":"2012-09-12T08:02:24","modified_gmt":"2012-09-12T08:02:24","slug":"die-treuen-mitglieder-9","status":"publish","type":"post","link":"https:\/\/www.reitverein-roehlingen.de\/html\/wordpress\/?p=2432","title":{"rendered":"Die treuen Mitglieder"},"content":{"rendered":"2001 wurden geehrt:\r\n\r\nF\u00fcr 30 Jahre aktiv im Verein:\r\n\r\nWendelin May aus Dalkingen und Sepp Fuchs aus H\u00fcttlingen\r\n\r\nF\u00fcr 25 Jahre im Verein:\r\n\r\nJosef Rettenmaier aus R\u00f6hlingen\r\n\r\nF\u00fcr 20 Jahre aktiv im Verein:\r\n\r\nRobert Jakob aus Lauchheim, Hans-Peter Konle aus R\u00f6hlingen und Waltraud Haag aus Kirchheim\r\n\r\nF\u00fcr 10 Jahre aktiv im Verein:\r\n\r\nJosef Vaas aus Steigberg, Gabi Wolf aus Eggenrot, Thomas Hafner aus R\u00f6hlingen, Bernhard Schlipf aus Rainau-Weiler, Gerd, Werner jun. und Werner sen. Wiedenh\u00f6fer <a href=\"https:\/\/www.reitverein-roehlingen.de\/html\/wordpress\/?p=2432\" class=\"more-link\"> [...]  Weiterlesen<\/a>","protected":false},"excerpt":{"rendered":"<p>2001 wurden geehrt: F\u00fcr 30 Jahre aktiv im Verein: Wendelin May aus Dalkingen und Sepp Fuchs aus H\u00fcttlingen F\u00fcr 25 Jahre im Verein: Josef Rettenmaier aus R\u00f6hlingen F\u00fcr 20 Jahre aktiv im Verein: Robert Jakob aus Lauchheim, Hans-Peter Konle aus &hellip; <a href=\"https:\/\/www.reitverein-roehlingen.de\/html\/wordpress\/?p=2432\">Weiterlesen <span class=\"meta-nav\">&rarr;<\/span><\/a><\/p>\n","protected":false},"author":2,"featured_media":0,"comment_status":"closed","ping_status":"closed","sticky":false,"template":"","format":"standard","meta":{"footnotes":""},"categories":[19,8],"tags":[],"class_list":["post-2432","post","type-post","status-publish","format-standard","hentry","category-chronik","category-vereins-historie"],"_links":{"self":[{"href":"https:\/\/www.reitverein-roehlingen.de\/html\/wordpress\/index.php?rest_route=\/wp\/v2\/posts\/2432","targetHints":{"allow":["GET"]}}],"collection":[{"href":"https:\/\/www.reitverein-roehlingen.de\/html\/wordpress\/index.php?rest_route=\/wp\/v2\/posts"}],"about":[{"href":"https:\/\/www.reitverein-roehlingen.de\/html\/wordpress\/index.php?rest_route=\/wp\/v2\/types\/post"}],"author":[{"embeddable":true,"href":"https:\/\/www.reitverein-roehlingen.de\/html\/wordpress\/index.php?rest_route=\/wp\/v2\/users\/2"}],"replies":[{"embeddable":true,"href":"https:\/\/www.reitverein-roehlingen.de\/html\/wordpress\/index.php?rest_route=%2Fwp%2Fv2%2Fcomments&post=2432"}],"version-history":[{"count":1,"href":"https:\/\/www.reitverein-roehlingen.de\/html\/wordpress\/index.php?rest_route=\/wp\/v2\/posts\/2432\/revisions"}],"predecessor-version":[{"id":2433,"href":"https:\/\/www.reitverein-roehlingen.de\/html\/wordpress\/index.php?rest_route=\/wp\/v2\/posts\/2432\/revisions\/2433"}],"wp:attachment":[{"href":"https:\/\/www.reitverein-roehlingen.de\/html\/wordpress\/index.php?rest_route=%2Fwp%2Fv2%2Fmedia&parent=2432"}],"wp:term":[{"taxonomy":"category","embeddable":true,"href":"https:\/\/www.reitverein-roehlingen.de\/html\/wordpress\/index.php?rest_route=%2Fwp%2Fv2%2Fcategories&post=2432"},{"taxonomy":"post_tag","embeddable":true,"href":"https:\/\/www.reitverein-roehlingen.de\/html\/wordpress\/index.php?rest_route=%2Fwp%2Fv2%2Ftags&post=2432"}],"curies":[{"name":"wp","href":"https:\/\/api.w.org\/{rel}","templated":true}]}}