{"id":2434,"date":"2000-12-31T08:02:34","date_gmt":"2000-12-31T08:02:34","guid":{"rendered":"http:\/\/www.reitverein-roehlingen.de\/html\/wordpress\/?p=2434"},"modified":"2012-09-12T08:09:55","modified_gmt":"2012-09-12T08:09:55","slug":"die-treuen-mitglieder-10","status":"publish","type":"post","link":"https:\/\/www.reitverein-roehlingen.de\/html\/wordpress\/?p=2434","title":{"rendered":"Die treuen Mitglieder"},"content":{"rendered":"2000 wurden geehrt:\r\n\r\nF\u00fcr 50 Jahre im Verein:\r\n\r\nAlfred Weiss aus Bopfingen und Josef Reeb sen. aus R\u00f6tlen\r\n\r\nF\u00fcr 40 Jahre im Verein:\r\n\r\nXaver und Hermann Feile aus Killingen, Rosa Stengel aus Pfahlheim und Franz Erhardt aus Killingen\r\n\r\nF\u00fcr 25 Jahre im Verein:\r\n\r\nMaria Haas aus Erpfental, Eberhard Harsch aus Rindelbach und Maria Konle aus R\u00f6hlingen\r\n\r\nF\u00fcr 20 Jahre aktiv im Verein:\r\n\r\nHeidemarie Hangl-Fuchs aus H\u00fcttlingen, Petra Abele-Alic aus R\u00f6tlen, Anette M\u00fcller aus R\u00f6hlingen und Joachim <a href=\"https:\/\/www.reitverein-roehlingen.de\/html\/wordpress\/?p=2434\" class=\"more-link\"> [...]  Weiterlesen<\/a>","protected":false},"excerpt":{"rendered":"<p>2000 wurden geehrt: F\u00fcr 50 Jahre im Verein: Alfred Weiss aus Bopfingen und Josef Reeb sen. aus R\u00f6tlen F\u00fcr 40 Jahre im Verein: Xaver und Hermann Feile aus Killingen, Rosa Stengel aus Pfahlheim und Franz Erhardt aus Killingen F\u00fcr 25 &hellip; <a href=\"https:\/\/www.reitverein-roehlingen.de\/html\/wordpress\/?p=2434\">Weiterlesen <span class=\"meta-nav\">&rarr;<\/span><\/a><\/p>\n","protected":false},"author":2,"featured_media":0,"comment_status":"closed","ping_status":"closed","sticky":false,"template":"","format":"standard","meta":{"footnotes":""},"categories":[19,8],"tags":[],"class_list":["post-2434","post","type-post","status-publish","format-standard","hentry","category-chronik","category-vereins-historie"],"_links":{"self":[{"href":"https:\/\/www.reitverein-roehlingen.de\/html\/wordpress\/index.php?rest_route=\/wp\/v2\/posts\/2434","targetHints":{"allow":["GET"]}}],"collection":[{"href":"https:\/\/www.reitverein-roehlingen.de\/html\/wordpress\/index.php?rest_route=\/wp\/v2\/posts"}],"about":[{"href":"https:\/\/www.reitverein-roehlingen.de\/html\/wordpress\/index.php?rest_route=\/wp\/v2\/types\/post"}],"author":[{"embeddable":true,"href":"https:\/\/www.reitverein-roehlingen.de\/html\/wordpress\/index.php?rest_route=\/wp\/v2\/users\/2"}],"replies":[{"embeddable":true,"href":"https:\/\/www.reitverein-roehlingen.de\/html\/wordpress\/index.php?rest_route=%2Fwp%2Fv2%2Fcomments&post=2434"}],"version-history":[{"count":1,"href":"https:\/\/www.reitverein-roehlingen.de\/html\/wordpress\/index.php?rest_route=\/wp\/v2\/posts\/2434\/revisions"}],"predecessor-version":[{"id":2435,"href":"https:\/\/www.reitverein-roehlingen.de\/html\/wordpress\/index.php?rest_route=\/wp\/v2\/posts\/2434\/revisions\/2435"}],"wp:attachment":[{"href":"https:\/\/www.reitverein-roehlingen.de\/html\/wordpress\/index.php?rest_route=%2Fwp%2Fv2%2Fmedia&parent=2434"}],"wp:term":[{"taxonomy":"category","embeddable":true,"href":"https:\/\/www.reitverein-roehlingen.de\/html\/wordpress\/index.php?rest_route=%2Fwp%2Fv2%2Fcategories&post=2434"},{"taxonomy":"post_tag","embeddable":true,"href":"https:\/\/www.reitverein-roehlingen.de\/html\/wordpress\/index.php?rest_route=%2Fwp%2Fv2%2Ftags&post=2434"}],"curies":[{"name":"wp","href":"https:\/\/api.w.org\/{rel}","templated":true}]}}