{"id":2438,"date":"2011-12-31T08:15:35","date_gmt":"2011-12-31T08:15:35","guid":{"rendered":"http:\/\/www.reitverein-roehlingen.de\/html\/wordpress\/?p=2438"},"modified":"2012-09-12T08:24:09","modified_gmt":"2012-09-12T08:24:09","slug":"die-treuen-mitglieder-12","status":"publish","type":"post","link":"https:\/\/www.reitverein-roehlingen.de\/html\/wordpress\/?p=2438","title":{"rendered":"Die treuen Mitglieder"},"content":{"rendered":"2011 wurden geehrt:\r\n\r\nF\u00fcr 40 Jahre im Verein:\r\n\r\nG\u00fcnther Gerold aus R\u00f6hlingen, Josef B\u00fchler aus R\u00f6hlingen und Josef Konle aus R\u00f6hlingen\r\n\r\nF\u00fcr 30 Jahre im Verein:\r\n\r\nRobert Jakob aus Lauchheim und Waltraud Haag aus Kirchheim\r\n\r\nF\u00fcr 25 Jahre im Verein:\r\n\r\nIngrid Herzog aus R\u00f6tlen, Klaus Wecker aus R\u00f6hlingen, Emma Rieber aus R\u00f6hlingen und Hans Thor aus Killingen\r\n\r\nF\u00fcr 20 Jahre aktiv im Verein:\r\n\r\nGabriele Wolf aus Dettenroden, Thomas Hafner aus R\u00f6hlingen, Bernhard Schlipf aus Rainau-Weiler, <a href=\"https:\/\/www.reitverein-roehlingen.de\/html\/wordpress\/?p=2438\" class=\"more-link\"> [...]  Weiterlesen<\/a>","protected":false},"excerpt":{"rendered":"<p>2011 wurden geehrt: F\u00fcr 40 Jahre im Verein: G\u00fcnther Gerold aus R\u00f6hlingen, Josef B\u00fchler aus R\u00f6hlingen und Josef Konle aus R\u00f6hlingen F\u00fcr 30 Jahre im Verein: Robert Jakob aus Lauchheim und Waltraud Haag aus Kirchheim F\u00fcr 25 Jahre im Verein: &hellip; <a href=\"https:\/\/www.reitverein-roehlingen.de\/html\/wordpress\/?p=2438\">Weiterlesen <span class=\"meta-nav\">&rarr;<\/span><\/a><\/p>\n","protected":false},"author":2,"featured_media":0,"comment_status":"closed","ping_status":"closed","sticky":false,"template":"","format":"standard","meta":{"footnotes":""},"categories":[19,8],"tags":[],"class_list":["post-2438","post","type-post","status-publish","format-standard","hentry","category-chronik","category-vereins-historie"],"_links":{"self":[{"href":"https:\/\/www.reitverein-roehlingen.de\/html\/wordpress\/index.php?rest_route=\/wp\/v2\/posts\/2438","targetHints":{"allow":["GET"]}}],"collection":[{"href":"https:\/\/www.reitverein-roehlingen.de\/html\/wordpress\/index.php?rest_route=\/wp\/v2\/posts"}],"about":[{"href":"https:\/\/www.reitverein-roehlingen.de\/html\/wordpress\/index.php?rest_route=\/wp\/v2\/types\/post"}],"author":[{"embeddable":true,"href":"https:\/\/www.reitverein-roehlingen.de\/html\/wordpress\/index.php?rest_route=\/wp\/v2\/users\/2"}],"replies":[{"embeddable":true,"href":"https:\/\/www.reitverein-roehlingen.de\/html\/wordpress\/index.php?rest_route=%2Fwp%2Fv2%2Fcomments&post=2438"}],"version-history":[{"count":1,"href":"https:\/\/www.reitverein-roehlingen.de\/html\/wordpress\/index.php?rest_route=\/wp\/v2\/posts\/2438\/revisions"}],"predecessor-version":[{"id":2439,"href":"https:\/\/www.reitverein-roehlingen.de\/html\/wordpress\/index.php?rest_route=\/wp\/v2\/posts\/2438\/revisions\/2439"}],"wp:attachment":[{"href":"https:\/\/www.reitverein-roehlingen.de\/html\/wordpress\/index.php?rest_route=%2Fwp%2Fv2%2Fmedia&parent=2438"}],"wp:term":[{"taxonomy":"category","embeddable":true,"href":"https:\/\/www.reitverein-roehlingen.de\/html\/wordpress\/index.php?rest_route=%2Fwp%2Fv2%2Fcategories&post=2438"},{"taxonomy":"post_tag","embeddable":true,"href":"https:\/\/www.reitverein-roehlingen.de\/html\/wordpress\/index.php?rest_route=%2Fwp%2Fv2%2Ftags&post=2438"}],"curies":[{"name":"wp","href":"https:\/\/api.w.org\/{rel}","templated":true}]}}