{"id":24989,"date":"2026-05-01T19:53:30","date_gmt":"2026-05-01T19:53:30","guid":{"rendered":"https:\/\/www.reitverein-roehlingen.de\/html\/wordpress\/?p=24989"},"modified":"2026-05-01T19:53:30","modified_gmt":"2026-05-01T19:53:30","slug":"unser-georgsritt-fand-bei-strahlendem-sonnenschein-statt","status":"publish","type":"post","link":"https:\/\/www.reitverein-roehlingen.de\/html\/wordpress\/?p=24989","title":{"rendered":"Unser Georgsritt fand bei strahlendem Sonnenschein statt"},"content":{"rendered":"\nELLWANGEN-R\u00d6HLINGEN (db)- Urspr\u00fcnglich einmal als Geburtstagsgeschenk f\u00fcr den zweiten Vorsitzenden Georg G\u00f6sele des Reit- und Fahrvereins R\u00f6hlingen gedacht, geh\u00f6rt der Vereinsausritt am 1. Mai, der zu Ehren des zweiten Vorsitzenden \u201eGeorgsritt\u201c genannt wurde, nun zur Vereinstradtition. Los ging es mit einem leckeren Fr\u00fchst\u00fcck vor der Reithalle, dann ritten die Reiter los. Dreizehn Reiter und Reiterinnen aus allen Altersklassen und eine Pony-Zweisp\u00e4nnerkutsche genossen eine herrliche <a href=\"https:\/\/www.reitverein-roehlingen.de\/html\/wordpress\/?p=24989\" class=\"more-link\"> [...]  Weiterlesen<\/a>","protected":false},"excerpt":{"rendered":"<p>ELLWANGEN-R\u00d6HLINGEN (db)- Urspr\u00fcnglich einmal als Geburtstagsgeschenk f\u00fcr den zweiten Vorsitzenden Georg G\u00f6sele des Reit- und Fahrvereins R\u00f6hlingen gedacht, geh\u00f6rt der Vereinsausritt am 1. Mai, der zu Ehren des zweiten Vorsitzenden \u201eGeorgsritt\u201c genannt wurde, nun zur Vereinstradtition. Los ging es mit &hellip; <a href=\"https:\/\/www.reitverein-roehlingen.de\/html\/wordpress\/?p=24989\">Weiterlesen <span class=\"meta-nav\">&rarr;<\/span><\/a><\/p>\n","protected":false},"author":2,"featured_media":0,"comment_status":"closed","ping_status":"closed","sticky":false,"template":"","format":"standard","meta":{"footnotes":""},"categories":[1,19,8],"tags":[],"class_list":["post-24989","post","type-post","status-publish","format-standard","hentry","category-berichte-aus-den-letzten-monaten","category-chronik","category-vereins-historie"],"_links":{"self":[{"href":"https:\/\/www.reitverein-roehlingen.de\/html\/wordpress\/index.php?rest_route=\/wp\/v2\/posts\/24989","targetHints":{"allow":["GET"]}}],"collection":[{"href":"https:\/\/www.reitverein-roehlingen.de\/html\/wordpress\/index.php?rest_route=\/wp\/v2\/posts"}],"about":[{"href":"https:\/\/www.reitverein-roehlingen.de\/html\/wordpress\/index.php?rest_route=\/wp\/v2\/types\/post"}],"author":[{"embeddable":true,"href":"https:\/\/www.reitverein-roehlingen.de\/html\/wordpress\/index.php?rest_route=\/wp\/v2\/users\/2"}],"replies":[{"embeddable":true,"href":"https:\/\/www.reitverein-roehlingen.de\/html\/wordpress\/index.php?rest_route=%2Fwp%2Fv2%2Fcomments&post=24989"}],"version-history":[{"count":1,"href":"https:\/\/www.reitverein-roehlingen.de\/html\/wordpress\/index.php?rest_route=\/wp\/v2\/posts\/24989\/revisions"}],"predecessor-version":[{"id":24990,"href":"https:\/\/www.reitverein-roehlingen.de\/html\/wordpress\/index.php?rest_route=\/wp\/v2\/posts\/24989\/revisions\/24990"}],"wp:attachment":[{"href":"https:\/\/www.reitverein-roehlingen.de\/html\/wordpress\/index.php?rest_route=%2Fwp%2Fv2%2Fmedia&parent=24989"}],"wp:term":[{"taxonomy":"category","embeddable":true,"href":"https:\/\/www.reitverein-roehlingen.de\/html\/wordpress\/index.php?rest_route=%2Fwp%2Fv2%2Fcategories&post=24989"},{"taxonomy":"post_tag","embeddable":true,"href":"https:\/\/www.reitverein-roehlingen.de\/html\/wordpress\/index.php?rest_route=%2Fwp%2Fv2%2Ftags&post=24989"}],"curies":[{"name":"wp","href":"https:\/\/api.w.org\/{rel}","templated":true}]}}