{"id":2558,"date":"1987-08-01T08:16:54","date_gmt":"1987-08-01T08:16:54","guid":{"rendered":"http:\/\/www.reitverein-roehlingen.de\/html\/wordpress\/?p=2558"},"modified":"2012-09-19T08:21:55","modified_gmt":"2012-09-19T08:21:55","slug":"die-geehrten-grundungsmitglieder","status":"publish","type":"post","link":"https:\/\/www.reitverein-roehlingen.de\/html\/wordpress\/?p=2558","title":{"rendered":"Die geehrten Gr\u00fcndungsmitglieder"},"content":{"rendered":"<p>Anl\u00e4sslich eines Vereinsabends wurden die Gr\u00fcndungsmitglieder der Neugr\u00fcndung des Vereins geehrt. Dies waren Alois Stock, Vitus B\u00fchler, Eugen Konle, Hans Thor, Josef B\u00fchler, Josef Konle, Anton B\u00fchler, Georg Kling, Josef Betzler, Josef Pfitzer, Josef Mayer. Karl Kirsch, Otto B\u00fchler, Otto Helmle, Rosa Stengel, Erwin Mack, Karl Haas, Richard Rathgeb, Anton Traub, Josef Reeb sen. und Franz Erhard.<\/p>\n","protected":false},"excerpt":{"rendered":"<p>Anl\u00e4sslich eines Vereinsabends wurden die Gr\u00fcndungsmitglieder der Neugr\u00fcndung des Vereins geehrt. Dies waren Alois Stock, Vitus B\u00fchler, Eugen Konle, Hans Thor, Josef B\u00fchler, Josef Konle, Anton B\u00fchler, Georg Kling, Josef Betzler, Josef Pfitzer, Josef Mayer. Karl Kirsch, Otto B\u00fchler, Otto &hellip; <a href=\"https:\/\/www.reitverein-roehlingen.de\/html\/wordpress\/?p=2558\">Weiterlesen <span class=\"meta-nav\">&rarr;<\/span><\/a><\/p>\n","protected":false},"author":2,"featured_media":0,"comment_status":"closed","ping_status":"closed","sticky":false,"template":"","format":"standard","meta":{"footnotes":""},"categories":[19,8],"tags":[],"class_list":["post-2558","post","type-post","status-publish","format-standard","hentry","category-chronik","category-vereins-historie"],"_links":{"self":[{"href":"https:\/\/www.reitverein-roehlingen.de\/html\/wordpress\/index.php?rest_route=\/wp\/v2\/posts\/2558","targetHints":{"allow":["GET"]}}],"collection":[{"href":"https:\/\/www.reitverein-roehlingen.de\/html\/wordpress\/index.php?rest_route=\/wp\/v2\/posts"}],"about":[{"href":"https:\/\/www.reitverein-roehlingen.de\/html\/wordpress\/index.php?rest_route=\/wp\/v2\/types\/post"}],"author":[{"embeddable":true,"href":"https:\/\/www.reitverein-roehlingen.de\/html\/wordpress\/index.php?rest_route=\/wp\/v2\/users\/2"}],"replies":[{"embeddable":true,"href":"https:\/\/www.reitverein-roehlingen.de\/html\/wordpress\/index.php?rest_route=%2Fwp%2Fv2%2Fcomments&post=2558"}],"version-history":[{"count":2,"href":"https:\/\/www.reitverein-roehlingen.de\/html\/wordpress\/index.php?rest_route=\/wp\/v2\/posts\/2558\/revisions"}],"predecessor-version":[{"id":2560,"href":"https:\/\/www.reitverein-roehlingen.de\/html\/wordpress\/index.php?rest_route=\/wp\/v2\/posts\/2558\/revisions\/2560"}],"wp:attachment":[{"href":"https:\/\/www.reitverein-roehlingen.de\/html\/wordpress\/index.php?rest_route=%2Fwp%2Fv2%2Fmedia&parent=2558"}],"wp:term":[{"taxonomy":"category","embeddable":true,"href":"https:\/\/www.reitverein-roehlingen.de\/html\/wordpress\/index.php?rest_route=%2Fwp%2Fv2%2Fcategories&post=2558"},{"taxonomy":"post_tag","embeddable":true,"href":"https:\/\/www.reitverein-roehlingen.de\/html\/wordpress\/index.php?rest_route=%2Fwp%2Fv2%2Ftags&post=2558"}],"curies":[{"name":"wp","href":"https:\/\/api.w.org\/{rel}","templated":true}]}}