{"id":2581,"date":"1994-12-31T09:06:11","date_gmt":"1994-12-31T09:06:11","guid":{"rendered":"http:\/\/www.reitverein-roehlingen.de\/html\/wordpress\/?p=2581"},"modified":"2013-01-30T08:14:02","modified_gmt":"2013-01-30T08:14:02","slug":"zuchterfolge-3","status":"publish","type":"post","link":"https:\/\/www.reitverein-roehlingen.de\/html\/wordpress\/?p=2581","title":{"rendered":"Zuchterfolge"},"content":{"rendered":"<p>Wolfgang Abele konnte mit seinen Haflingern gro\u00dfe Erfolge erzielen.<\/p>\n<p>Seine Stute Usala siegte bei den 5-6j\u00e4hrigen Stuten bei der Landeshaflingerschau in Bietigheim, bei den 3j\u00e4hrigen Hengsten siegte sein Nigano.<\/p>\n<p>Farah, leistungsgepr\u00fcft, wurde Reservesiegerin bei den Dreij\u00e4hrigen Stuten, seine zweij\u00e4hrige Stute von Arlberg aus der Heike wurde Siegerin ihrer Altersklasse.<\/p>\n","protected":false},"excerpt":{"rendered":"<p>Wolfgang Abele konnte mit seinen Haflingern gro\u00dfe Erfolge erzielen. Seine Stute Usala siegte bei den 5-6j\u00e4hrigen Stuten bei der Landeshaflingerschau in Bietigheim, bei den 3j\u00e4hrigen Hengsten siegte sein Nigano. Farah, leistungsgepr\u00fcft, wurde Reservesiegerin bei den Dreij\u00e4hrigen Stuten, seine zweij\u00e4hrige Stute &hellip; <a href=\"https:\/\/www.reitverein-roehlingen.de\/html\/wordpress\/?p=2581\">Weiterlesen <span class=\"meta-nav\">&rarr;<\/span><\/a><\/p>\n","protected":false},"author":2,"featured_media":0,"comment_status":"closed","ping_status":"closed","sticky":false,"template":"","format":"standard","meta":{"footnotes":""},"categories":[17,8],"tags":[],"class_list":["post-2581","post","type-post","status-publish","format-standard","hentry","category-pferdezucht","category-vereins-historie"],"_links":{"self":[{"href":"https:\/\/www.reitverein-roehlingen.de\/html\/wordpress\/index.php?rest_route=\/wp\/v2\/posts\/2581","targetHints":{"allow":["GET"]}}],"collection":[{"href":"https:\/\/www.reitverein-roehlingen.de\/html\/wordpress\/index.php?rest_route=\/wp\/v2\/posts"}],"about":[{"href":"https:\/\/www.reitverein-roehlingen.de\/html\/wordpress\/index.php?rest_route=\/wp\/v2\/types\/post"}],"author":[{"embeddable":true,"href":"https:\/\/www.reitverein-roehlingen.de\/html\/wordpress\/index.php?rest_route=\/wp\/v2\/users\/2"}],"replies":[{"embeddable":true,"href":"https:\/\/www.reitverein-roehlingen.de\/html\/wordpress\/index.php?rest_route=%2Fwp%2Fv2%2Fcomments&post=2581"}],"version-history":[{"count":3,"href":"https:\/\/www.reitverein-roehlingen.de\/html\/wordpress\/index.php?rest_route=\/wp\/v2\/posts\/2581\/revisions"}],"predecessor-version":[{"id":3506,"href":"https:\/\/www.reitverein-roehlingen.de\/html\/wordpress\/index.php?rest_route=\/wp\/v2\/posts\/2581\/revisions\/3506"}],"wp:attachment":[{"href":"https:\/\/www.reitverein-roehlingen.de\/html\/wordpress\/index.php?rest_route=%2Fwp%2Fv2%2Fmedia&parent=2581"}],"wp:term":[{"taxonomy":"category","embeddable":true,"href":"https:\/\/www.reitverein-roehlingen.de\/html\/wordpress\/index.php?rest_route=%2Fwp%2Fv2%2Fcategories&post=2581"},{"taxonomy":"post_tag","embeddable":true,"href":"https:\/\/www.reitverein-roehlingen.de\/html\/wordpress\/index.php?rest_route=%2Fwp%2Fv2%2Ftags&post=2581"}],"curies":[{"name":"wp","href":"https:\/\/api.w.org\/{rel}","templated":true}]}}