{"id":2591,"date":"1996-12-31T09:29:01","date_gmt":"1996-12-31T09:29:01","guid":{"rendered":"http:\/\/www.reitverein-roehlingen.de\/html\/wordpress\/?p=2591"},"modified":"2012-09-19T09:31:38","modified_gmt":"2012-09-19T09:31:38","slug":"die-treuen-mitglieder-26","status":"publish","type":"post","link":"https:\/\/www.reitverein-roehlingen.de\/html\/wordpress\/?p=2591","title":{"rendered":"Die treuen Mitglieder"},"content":{"rendered":"<p>F\u00fcr 10 Jahre aktive Mitgliedschaft wurden geehrt:<\/p>\n<p>Elfriede Baumann-Stoll, Iris Barenthin, Arnulf Grimmeisen, Betha und Gisela Kielmann, Klaus Pfeiffer, Emma Rieber und Ingrid Herzog<\/p>\n<p>F\u00fcr 25-j\u00e4hrige Mitgliedschaft wurden geehrt:<\/p>\n<p>Josef Fuchs, G\u00fcnther Gerold und Josef Wecker<\/p>\n<p>&nbsp;<\/p>\n","protected":false},"excerpt":{"rendered":"<p>F\u00fcr 10 Jahre aktive Mitgliedschaft wurden geehrt: Elfriede Baumann-Stoll, Iris Barenthin, Arnulf Grimmeisen, Betha und Gisela Kielmann, Klaus Pfeiffer, Emma Rieber und Ingrid Herzog F\u00fcr 25-j\u00e4hrige Mitgliedschaft wurden geehrt: Josef Fuchs, G\u00fcnther Gerold und Josef Wecker &nbsp;<\/p>\n","protected":false},"author":2,"featured_media":0,"comment_status":"closed","ping_status":"closed","sticky":false,"template":"","format":"standard","meta":{"footnotes":""},"categories":[19,8],"tags":[],"class_list":["post-2591","post","type-post","status-publish","format-standard","hentry","category-chronik","category-vereins-historie"],"_links":{"self":[{"href":"https:\/\/www.reitverein-roehlingen.de\/html\/wordpress\/index.php?rest_route=\/wp\/v2\/posts\/2591","targetHints":{"allow":["GET"]}}],"collection":[{"href":"https:\/\/www.reitverein-roehlingen.de\/html\/wordpress\/index.php?rest_route=\/wp\/v2\/posts"}],"about":[{"href":"https:\/\/www.reitverein-roehlingen.de\/html\/wordpress\/index.php?rest_route=\/wp\/v2\/types\/post"}],"author":[{"embeddable":true,"href":"https:\/\/www.reitverein-roehlingen.de\/html\/wordpress\/index.php?rest_route=\/wp\/v2\/users\/2"}],"replies":[{"embeddable":true,"href":"https:\/\/www.reitverein-roehlingen.de\/html\/wordpress\/index.php?rest_route=%2Fwp%2Fv2%2Fcomments&post=2591"}],"version-history":[{"count":2,"href":"https:\/\/www.reitverein-roehlingen.de\/html\/wordpress\/index.php?rest_route=\/wp\/v2\/posts\/2591\/revisions"}],"predecessor-version":[{"id":3512,"href":"https:\/\/www.reitverein-roehlingen.de\/html\/wordpress\/index.php?rest_route=\/wp\/v2\/posts\/2591\/revisions\/3512"}],"wp:attachment":[{"href":"https:\/\/www.reitverein-roehlingen.de\/html\/wordpress\/index.php?rest_route=%2Fwp%2Fv2%2Fmedia&parent=2591"}],"wp:term":[{"taxonomy":"category","embeddable":true,"href":"https:\/\/www.reitverein-roehlingen.de\/html\/wordpress\/index.php?rest_route=%2Fwp%2Fv2%2Fcategories&post=2591"},{"taxonomy":"post_tag","embeddable":true,"href":"https:\/\/www.reitverein-roehlingen.de\/html\/wordpress\/index.php?rest_route=%2Fwp%2Fv2%2Ftags&post=2591"}],"curies":[{"name":"wp","href":"https:\/\/api.w.org\/{rel}","templated":true}]}}