{"id":2638,"date":"1999-01-31T20:31:38","date_gmt":"1999-01-31T20:31:38","guid":{"rendered":"http:\/\/www.reitverein-roehlingen.de\/html\/wordpress\/?p=2638"},"modified":"2013-01-30T09:58:33","modified_gmt":"2013-01-30T09:58:33","slug":"erste-voltigiergruppe","status":"publish","type":"post","link":"https:\/\/www.reitverein-roehlingen.de\/html\/wordpress\/?p=2638","title":{"rendered":"Erste Voltigiergruppe"},"content":{"rendered":"<p>Sabine Kaschdeilewitsch h\u00e4lt seit 16.1. samstags die ersten Voltigierstunden ab. Unterst\u00fctzt wird sie hierbei von Kerstin Gran, die ihren Schimmel Gaston zur Verf\u00fcgung stellt, und von Dagmar Rosenbauer, die ebenfalls ihr Pferd zur Verf\u00fcgung stellt.<\/p>\n<p>Die ersten Voltigierer waren damals: Carmen G\u00f6sele, Patricia G\u00f6sele, Dorothee Kohnle, Stefanie Sch\u00e4fer, Fabienne Uhl und Leonie Uhl. Marlene Hagel und Bettina K\u00fcbler verst\u00e4rkten dann die Gruppe.<\/p>\n","protected":false},"excerpt":{"rendered":"<p>Sabine Kaschdeilewitsch h\u00e4lt seit 16.1. samstags die ersten Voltigierstunden ab. Unterst\u00fctzt wird sie hierbei von Kerstin Gran, die ihren Schimmel Gaston zur Verf\u00fcgung stellt, und von Dagmar Rosenbauer, die ebenfalls ihr Pferd zur Verf\u00fcgung stellt. Die ersten Voltigierer waren damals: &hellip; <a href=\"https:\/\/www.reitverein-roehlingen.de\/html\/wordpress\/?p=2638\">Weiterlesen <span class=\"meta-nav\">&rarr;<\/span><\/a><\/p>\n","protected":false},"author":2,"featured_media":0,"comment_status":"closed","ping_status":"closed","sticky":false,"template":"","format":"standard","meta":{"footnotes":""},"categories":[8,27],"tags":[],"class_list":["post-2638","post","type-post","status-publish","format-standard","hentry","category-vereins-historie","category-voltigieren"],"_links":{"self":[{"href":"https:\/\/www.reitverein-roehlingen.de\/html\/wordpress\/index.php?rest_route=\/wp\/v2\/posts\/2638","targetHints":{"allow":["GET"]}}],"collection":[{"href":"https:\/\/www.reitverein-roehlingen.de\/html\/wordpress\/index.php?rest_route=\/wp\/v2\/posts"}],"about":[{"href":"https:\/\/www.reitverein-roehlingen.de\/html\/wordpress\/index.php?rest_route=\/wp\/v2\/types\/post"}],"author":[{"embeddable":true,"href":"https:\/\/www.reitverein-roehlingen.de\/html\/wordpress\/index.php?rest_route=\/wp\/v2\/users\/2"}],"replies":[{"embeddable":true,"href":"https:\/\/www.reitverein-roehlingen.de\/html\/wordpress\/index.php?rest_route=%2Fwp%2Fv2%2Fcomments&post=2638"}],"version-history":[{"count":4,"href":"https:\/\/www.reitverein-roehlingen.de\/html\/wordpress\/index.php?rest_route=\/wp\/v2\/posts\/2638\/revisions"}],"predecessor-version":[{"id":3483,"href":"https:\/\/www.reitverein-roehlingen.de\/html\/wordpress\/index.php?rest_route=\/wp\/v2\/posts\/2638\/revisions\/3483"}],"wp:attachment":[{"href":"https:\/\/www.reitverein-roehlingen.de\/html\/wordpress\/index.php?rest_route=%2Fwp%2Fv2%2Fmedia&parent=2638"}],"wp:term":[{"taxonomy":"category","embeddable":true,"href":"https:\/\/www.reitverein-roehlingen.de\/html\/wordpress\/index.php?rest_route=%2Fwp%2Fv2%2Fcategories&post=2638"},{"taxonomy":"post_tag","embeddable":true,"href":"https:\/\/www.reitverein-roehlingen.de\/html\/wordpress\/index.php?rest_route=%2Fwp%2Fv2%2Ftags&post=2638"}],"curies":[{"name":"wp","href":"https:\/\/api.w.org\/{rel}","templated":true}]}}