{"id":2816,"date":"1986-05-09T12:02:55","date_gmt":"1986-05-09T12:02:55","guid":{"rendered":"http:\/\/www.reitverein-roehlingen.de\/html\/wordpress\/?p=2816"},"modified":"2013-11-19T19:47:08","modified_gmt":"2013-11-19T19:47:08","slug":"blutritt-weingarten-9","status":"publish","type":"post","link":"https:\/\/www.reitverein-roehlingen.de\/html\/wordpress\/?p=2816","title":{"rendered":"Blutritt Weingarten"},"content":{"rendered":"Am Blutritt in Weingarten am 9. Mai nahmen acht R\u00f6hlinger Reiter teil. Gruppenf\u00fchrer der Blutreitergruppe R\u00f6hlingen war Josef Betzler.\r\n\r\nDie Reiter waren Robert Jakob, Karl Kirsch, Leonhard Abele, Otto B\u00fchler, Josef Betzler, Erwin Harsch, Karl Ebert und Josef Pfitzer.\r\n\r\nRobert Jakob hat ein paar Impressionen vom Blutritt zur Verf\u00fcgung gestellt...\r\n\r\n\r\n\r\n\r\n\r\nIm Archiv von Brigitte Barnickel, der Nichte unseres Sattlers Josef Betzler, fand sich auch noch ein Bild:\r\n\r\n\r\n\r\n&nbsp; <a href=\"https:\/\/www.reitverein-roehlingen.de\/html\/wordpress\/?p=2816\" class=\"more-link\"> [...]  Weiterlesen<\/a>","protected":false},"excerpt":{"rendered":"<p>Am Blutritt in Weingarten am 9. Mai nahmen acht R\u00f6hlinger Reiter teil. Gruppenf\u00fchrer der Blutreitergruppe R\u00f6hlingen war Josef Betzler. Die Reiter waren Robert Jakob, Karl Kirsch, Leonhard Abele, Otto B\u00fchler, Josef Betzler, Erwin Harsch, Karl Ebert und Josef Pfitzer. Robert &hellip; <a href=\"https:\/\/www.reitverein-roehlingen.de\/html\/wordpress\/?p=2816\">Weiterlesen <span class=\"meta-nav\">&rarr;<\/span><\/a><\/p>\n","protected":false},"author":2,"featured_media":0,"comment_status":"closed","ping_status":"closed","sticky":false,"template":"","format":"standard","meta":{"footnotes":""},"categories":[24,8],"tags":[],"class_list":["post-2816","post","type-post","status-publish","format-standard","hentry","category-kirchliche-ritte","category-vereins-historie"],"_links":{"self":[{"href":"https:\/\/www.reitverein-roehlingen.de\/html\/wordpress\/index.php?rest_route=\/wp\/v2\/posts\/2816","targetHints":{"allow":["GET"]}}],"collection":[{"href":"https:\/\/www.reitverein-roehlingen.de\/html\/wordpress\/index.php?rest_route=\/wp\/v2\/posts"}],"about":[{"href":"https:\/\/www.reitverein-roehlingen.de\/html\/wordpress\/index.php?rest_route=\/wp\/v2\/types\/post"}],"author":[{"embeddable":true,"href":"https:\/\/www.reitverein-roehlingen.de\/html\/wordpress\/index.php?rest_route=\/wp\/v2\/users\/2"}],"replies":[{"embeddable":true,"href":"https:\/\/www.reitverein-roehlingen.de\/html\/wordpress\/index.php?rest_route=%2Fwp%2Fv2%2Fcomments&post=2816"}],"version-history":[{"count":4,"href":"https:\/\/www.reitverein-roehlingen.de\/html\/wordpress\/index.php?rest_route=\/wp\/v2\/posts\/2816\/revisions"}],"predecessor-version":[{"id":5265,"href":"https:\/\/www.reitverein-roehlingen.de\/html\/wordpress\/index.php?rest_route=\/wp\/v2\/posts\/2816\/revisions\/5265"}],"wp:attachment":[{"href":"https:\/\/www.reitverein-roehlingen.de\/html\/wordpress\/index.php?rest_route=%2Fwp%2Fv2%2Fmedia&parent=2816"}],"wp:term":[{"taxonomy":"category","embeddable":true,"href":"https:\/\/www.reitverein-roehlingen.de\/html\/wordpress\/index.php?rest_route=%2Fwp%2Fv2%2Fcategories&post=2816"},{"taxonomy":"post_tag","embeddable":true,"href":"https:\/\/www.reitverein-roehlingen.de\/html\/wordpress\/index.php?rest_route=%2Fwp%2Fv2%2Ftags&post=2816"}],"curies":[{"name":"wp","href":"https:\/\/api.w.org\/{rel}","templated":true}]}}