{"id":2818,"date":"1987-05-29T12:05:44","date_gmt":"1987-05-29T12:05:44","guid":{"rendered":"http:\/\/www.reitverein-roehlingen.de\/html\/wordpress\/?p=2818"},"modified":"2013-03-29T12:59:11","modified_gmt":"2013-03-29T12:59:11","slug":"blutritt-weingarten-10","status":"publish","type":"post","link":"https:\/\/www.reitverein-roehlingen.de\/html\/wordpress\/?p=2818","title":{"rendered":"Blutritt Weingarten"},"content":{"rendered":"Am Blutritt in Weingarten am 29. Mai nahmen acht R\u00f6hlinger Reiter teil. Gruppenf\u00fchrer der Blutreitergruppe R\u00f6hlingen war Josef Betzler.\r\n\r\nDie Reiter waren Josef Betzler, Karl Kirsch, Leonhard Abele, Walter Syha, Karl Furtmaier, Robert Jakob, Josef Pfitzer und Josef Reeb sen..\r\n\r\nRobert Jakob hat ein Foto zur Verf\u00fcgung gestellt...\r\n\r\n\r\n\r\n&nbsp; <a href=\"https:\/\/www.reitverein-roehlingen.de\/html\/wordpress\/?p=2818\" class=\"more-link\"> [...]  Weiterlesen<\/a>","protected":false},"excerpt":{"rendered":"<p>Am Blutritt in Weingarten am 29. Mai nahmen acht R\u00f6hlinger Reiter teil. Gruppenf\u00fchrer der Blutreitergruppe R\u00f6hlingen war Josef Betzler. Die Reiter waren Josef Betzler, Karl Kirsch, Leonhard Abele, Walter Syha, Karl Furtmaier, Robert Jakob, Josef Pfitzer und Josef Reeb sen.. &hellip; <a href=\"https:\/\/www.reitverein-roehlingen.de\/html\/wordpress\/?p=2818\">Weiterlesen <span class=\"meta-nav\">&rarr;<\/span><\/a><\/p>\n","protected":false},"author":2,"featured_media":0,"comment_status":"closed","ping_status":"closed","sticky":false,"template":"","format":"standard","meta":{"footnotes":""},"categories":[24,8],"tags":[],"class_list":["post-2818","post","type-post","status-publish","format-standard","hentry","category-kirchliche-ritte","category-vereins-historie"],"_links":{"self":[{"href":"https:\/\/www.reitverein-roehlingen.de\/html\/wordpress\/index.php?rest_route=\/wp\/v2\/posts\/2818","targetHints":{"allow":["GET"]}}],"collection":[{"href":"https:\/\/www.reitverein-roehlingen.de\/html\/wordpress\/index.php?rest_route=\/wp\/v2\/posts"}],"about":[{"href":"https:\/\/www.reitverein-roehlingen.de\/html\/wordpress\/index.php?rest_route=\/wp\/v2\/types\/post"}],"author":[{"embeddable":true,"href":"https:\/\/www.reitverein-roehlingen.de\/html\/wordpress\/index.php?rest_route=\/wp\/v2\/users\/2"}],"replies":[{"embeddable":true,"href":"https:\/\/www.reitverein-roehlingen.de\/html\/wordpress\/index.php?rest_route=%2Fwp%2Fv2%2Fcomments&post=2818"}],"version-history":[{"count":3,"href":"https:\/\/www.reitverein-roehlingen.de\/html\/wordpress\/index.php?rest_route=\/wp\/v2\/posts\/2818\/revisions"}],"predecessor-version":[{"id":3932,"href":"https:\/\/www.reitverein-roehlingen.de\/html\/wordpress\/index.php?rest_route=\/wp\/v2\/posts\/2818\/revisions\/3932"}],"wp:attachment":[{"href":"https:\/\/www.reitverein-roehlingen.de\/html\/wordpress\/index.php?rest_route=%2Fwp%2Fv2%2Fmedia&parent=2818"}],"wp:term":[{"taxonomy":"category","embeddable":true,"href":"https:\/\/www.reitverein-roehlingen.de\/html\/wordpress\/index.php?rest_route=%2Fwp%2Fv2%2Fcategories&post=2818"},{"taxonomy":"post_tag","embeddable":true,"href":"https:\/\/www.reitverein-roehlingen.de\/html\/wordpress\/index.php?rest_route=%2Fwp%2Fv2%2Ftags&post=2818"}],"curies":[{"name":"wp","href":"https:\/\/api.w.org\/{rel}","templated":true}]}}