{"id":2853,"date":"2000-06-02T13:03:51","date_gmt":"2000-06-02T13:03:51","guid":{"rendered":"http:\/\/www.reitverein-roehlingen.de\/html\/wordpress\/?p=2853"},"modified":"2012-11-03T13:10:40","modified_gmt":"2012-11-03T13:10:40","slug":"blutritt-weingarten-23","status":"publish","type":"post","link":"https:\/\/www.reitverein-roehlingen.de\/html\/wordpress\/?p=2853","title":{"rendered":"Blutritt Weingarten"},"content":{"rendered":"<p>Am Blutritt in Weingarten am 2. Juni nahmen acht R\u00f6hlinger Reiter teil. Gruppenf\u00fchrer der Blutreitergruppe R\u00f6hlingen war Gebhard B\u00fchler, der den bisherigen Gruppenf\u00fchrer Josef Betzler abgel\u00f6st hat.<\/p>\n<p>Die Reiter waren Josef Uhl, Gebhard B\u00fchler, Werner Wiedenh\u00f6fer, Rudi St\u00e4mmele, Johannes Rieber, Josef Vaas, Otto B\u00fchler und Michael Vaas.<\/p>\n","protected":false},"excerpt":{"rendered":"<p>Am Blutritt in Weingarten am 2. Juni nahmen acht R\u00f6hlinger Reiter teil. Gruppenf\u00fchrer der Blutreitergruppe R\u00f6hlingen war Gebhard B\u00fchler, der den bisherigen Gruppenf\u00fchrer Josef Betzler abgel\u00f6st hat. Die Reiter waren Josef Uhl, Gebhard B\u00fchler, Werner Wiedenh\u00f6fer, Rudi St\u00e4mmele, Johannes Rieber, &hellip; <a href=\"https:\/\/www.reitverein-roehlingen.de\/html\/wordpress\/?p=2853\">Weiterlesen <span class=\"meta-nav\">&rarr;<\/span><\/a><\/p>\n","protected":false},"author":2,"featured_media":0,"comment_status":"closed","ping_status":"closed","sticky":false,"template":"","format":"standard","meta":{"footnotes":""},"categories":[24,8],"tags":[],"class_list":["post-2853","post","type-post","status-publish","format-standard","hentry","category-kirchliche-ritte","category-vereins-historie"],"_links":{"self":[{"href":"https:\/\/www.reitverein-roehlingen.de\/html\/wordpress\/index.php?rest_route=\/wp\/v2\/posts\/2853","targetHints":{"allow":["GET"]}}],"collection":[{"href":"https:\/\/www.reitverein-roehlingen.de\/html\/wordpress\/index.php?rest_route=\/wp\/v2\/posts"}],"about":[{"href":"https:\/\/www.reitverein-roehlingen.de\/html\/wordpress\/index.php?rest_route=\/wp\/v2\/types\/post"}],"author":[{"embeddable":true,"href":"https:\/\/www.reitverein-roehlingen.de\/html\/wordpress\/index.php?rest_route=\/wp\/v2\/users\/2"}],"replies":[{"embeddable":true,"href":"https:\/\/www.reitverein-roehlingen.de\/html\/wordpress\/index.php?rest_route=%2Fwp%2Fv2%2Fcomments&post=2853"}],"version-history":[{"count":1,"href":"https:\/\/www.reitverein-roehlingen.de\/html\/wordpress\/index.php?rest_route=\/wp\/v2\/posts\/2853\/revisions"}],"predecessor-version":[{"id":2854,"href":"https:\/\/www.reitverein-roehlingen.de\/html\/wordpress\/index.php?rest_route=\/wp\/v2\/posts\/2853\/revisions\/2854"}],"wp:attachment":[{"href":"https:\/\/www.reitverein-roehlingen.de\/html\/wordpress\/index.php?rest_route=%2Fwp%2Fv2%2Fmedia&parent=2853"}],"wp:term":[{"taxonomy":"category","embeddable":true,"href":"https:\/\/www.reitverein-roehlingen.de\/html\/wordpress\/index.php?rest_route=%2Fwp%2Fv2%2Fcategories&post=2853"},{"taxonomy":"post_tag","embeddable":true,"href":"https:\/\/www.reitverein-roehlingen.de\/html\/wordpress\/index.php?rest_route=%2Fwp%2Fv2%2Ftags&post=2853"}],"curies":[{"name":"wp","href":"https:\/\/api.w.org\/{rel}","templated":true}]}}