{"id":2856,"date":"2001-05-25T13:11:19","date_gmt":"2001-05-25T13:11:19","guid":{"rendered":"http:\/\/www.reitverein-roehlingen.de\/html\/wordpress\/?p=2856"},"modified":"2012-11-03T13:16:14","modified_gmt":"2012-11-03T13:16:14","slug":"blutritt-weingarten-24","status":"publish","type":"post","link":"https:\/\/www.reitverein-roehlingen.de\/html\/wordpress\/?p=2856","title":{"rendered":"Blutritt Weingarten"},"content":{"rendered":"<p>Am Blutritt in Weingarten am 25. Mai nahmen f\u00fcnf R\u00f6hlinger Reiter teil. Gruppenf\u00fchrer der Blutreitergruppe R\u00f6hlingen war Gebhard B\u00fchler.<\/p>\n<p>Beinahe h\u00e4tte der Blutritt abgesagt werden m\u00fcssen. Es grassierte die Maul- und Klauenseuche. Gl\u00fccklicherweise wurde kurz vor dem Blutritt das Transportverbot f\u00fcr Pferde aufgehoben.<\/p>\n<p>Die Reiter waren Helmut Hohnheiser, Gebhard B\u00fchler, Werner Wiedenh\u00f6fer, Josef Uhl und Rudi St\u00e4mmele.<\/p>\n","protected":false},"excerpt":{"rendered":"<p>Am Blutritt in Weingarten am 25. Mai nahmen f\u00fcnf R\u00f6hlinger Reiter teil. Gruppenf\u00fchrer der Blutreitergruppe R\u00f6hlingen war Gebhard B\u00fchler. Beinahe h\u00e4tte der Blutritt abgesagt werden m\u00fcssen. Es grassierte die Maul- und Klauenseuche. Gl\u00fccklicherweise wurde kurz vor dem Blutritt das Transportverbot &hellip; <a href=\"https:\/\/www.reitverein-roehlingen.de\/html\/wordpress\/?p=2856\">Weiterlesen <span class=\"meta-nav\">&rarr;<\/span><\/a><\/p>\n","protected":false},"author":2,"featured_media":0,"comment_status":"closed","ping_status":"closed","sticky":false,"template":"","format":"standard","meta":{"footnotes":""},"categories":[24,8],"tags":[],"class_list":["post-2856","post","type-post","status-publish","format-standard","hentry","category-kirchliche-ritte","category-vereins-historie"],"_links":{"self":[{"href":"https:\/\/www.reitverein-roehlingen.de\/html\/wordpress\/index.php?rest_route=\/wp\/v2\/posts\/2856","targetHints":{"allow":["GET"]}}],"collection":[{"href":"https:\/\/www.reitverein-roehlingen.de\/html\/wordpress\/index.php?rest_route=\/wp\/v2\/posts"}],"about":[{"href":"https:\/\/www.reitverein-roehlingen.de\/html\/wordpress\/index.php?rest_route=\/wp\/v2\/types\/post"}],"author":[{"embeddable":true,"href":"https:\/\/www.reitverein-roehlingen.de\/html\/wordpress\/index.php?rest_route=\/wp\/v2\/users\/2"}],"replies":[{"embeddable":true,"href":"https:\/\/www.reitverein-roehlingen.de\/html\/wordpress\/index.php?rest_route=%2Fwp%2Fv2%2Fcomments&post=2856"}],"version-history":[{"count":1,"href":"https:\/\/www.reitverein-roehlingen.de\/html\/wordpress\/index.php?rest_route=\/wp\/v2\/posts\/2856\/revisions"}],"predecessor-version":[{"id":2857,"href":"https:\/\/www.reitverein-roehlingen.de\/html\/wordpress\/index.php?rest_route=\/wp\/v2\/posts\/2856\/revisions\/2857"}],"wp:attachment":[{"href":"https:\/\/www.reitverein-roehlingen.de\/html\/wordpress\/index.php?rest_route=%2Fwp%2Fv2%2Fmedia&parent=2856"}],"wp:term":[{"taxonomy":"category","embeddable":true,"href":"https:\/\/www.reitverein-roehlingen.de\/html\/wordpress\/index.php?rest_route=%2Fwp%2Fv2%2Fcategories&post=2856"},{"taxonomy":"post_tag","embeddable":true,"href":"https:\/\/www.reitverein-roehlingen.de\/html\/wordpress\/index.php?rest_route=%2Fwp%2Fv2%2Ftags&post=2856"}],"curies":[{"name":"wp","href":"https:\/\/api.w.org\/{rel}","templated":true}]}}