{"id":2866,"date":"2005-05-06T13:26:07","date_gmt":"2005-05-06T13:26:07","guid":{"rendered":"http:\/\/www.reitverein-roehlingen.de\/html\/wordpress\/?p=2866"},"modified":"2012-11-03T13:29:29","modified_gmt":"2012-11-03T13:29:29","slug":"blutritt-weingarten-28","status":"publish","type":"post","link":"https:\/\/www.reitverein-roehlingen.de\/html\/wordpress\/?p=2866","title":{"rendered":"Blutritt Weingarten"},"content":{"rendered":"<p>Am Blutritt in Weingarten am 6. Mai nahmen acht R\u00f6hlinger Reiter teil. Gruppenf\u00fchrer der Blutreitergruppe R\u00f6hlingen war Gebhard B\u00fchler.<\/p>\n<p>Die Reiter waren Gerd Wiedenh\u00f6fer, Karl Ebert, Georg G\u00f6sele, Johannes Helmle, Josef Uhl, Gebhard B\u00fchler, Paul-Josef Vaas und Josef Vaas.<\/p>\n","protected":false},"excerpt":{"rendered":"<p>Am Blutritt in Weingarten am 6. Mai nahmen acht R\u00f6hlinger Reiter teil. Gruppenf\u00fchrer der Blutreitergruppe R\u00f6hlingen war Gebhard B\u00fchler. Die Reiter waren Gerd Wiedenh\u00f6fer, Karl Ebert, Georg G\u00f6sele, Johannes Helmle, Josef Uhl, Gebhard B\u00fchler, Paul-Josef Vaas und Josef Vaas.<\/p>\n","protected":false},"author":2,"featured_media":0,"comment_status":"closed","ping_status":"closed","sticky":false,"template":"","format":"standard","meta":{"footnotes":""},"categories":[24,8],"tags":[],"class_list":["post-2866","post","type-post","status-publish","format-standard","hentry","category-kirchliche-ritte","category-vereins-historie"],"_links":{"self":[{"href":"https:\/\/www.reitverein-roehlingen.de\/html\/wordpress\/index.php?rest_route=\/wp\/v2\/posts\/2866","targetHints":{"allow":["GET"]}}],"collection":[{"href":"https:\/\/www.reitverein-roehlingen.de\/html\/wordpress\/index.php?rest_route=\/wp\/v2\/posts"}],"about":[{"href":"https:\/\/www.reitverein-roehlingen.de\/html\/wordpress\/index.php?rest_route=\/wp\/v2\/types\/post"}],"author":[{"embeddable":true,"href":"https:\/\/www.reitverein-roehlingen.de\/html\/wordpress\/index.php?rest_route=\/wp\/v2\/users\/2"}],"replies":[{"embeddable":true,"href":"https:\/\/www.reitverein-roehlingen.de\/html\/wordpress\/index.php?rest_route=%2Fwp%2Fv2%2Fcomments&post=2866"}],"version-history":[{"count":1,"href":"https:\/\/www.reitverein-roehlingen.de\/html\/wordpress\/index.php?rest_route=\/wp\/v2\/posts\/2866\/revisions"}],"predecessor-version":[{"id":2867,"href":"https:\/\/www.reitverein-roehlingen.de\/html\/wordpress\/index.php?rest_route=\/wp\/v2\/posts\/2866\/revisions\/2867"}],"wp:attachment":[{"href":"https:\/\/www.reitverein-roehlingen.de\/html\/wordpress\/index.php?rest_route=%2Fwp%2Fv2%2Fmedia&parent=2866"}],"wp:term":[{"taxonomy":"category","embeddable":true,"href":"https:\/\/www.reitverein-roehlingen.de\/html\/wordpress\/index.php?rest_route=%2Fwp%2Fv2%2Fcategories&post=2866"},{"taxonomy":"post_tag","embeddable":true,"href":"https:\/\/www.reitverein-roehlingen.de\/html\/wordpress\/index.php?rest_route=%2Fwp%2Fv2%2Ftags&post=2866"}],"curies":[{"name":"wp","href":"https:\/\/api.w.org\/{rel}","templated":true}]}}