{"id":289,"date":"1981-12-31T14:03:44","date_gmt":"1981-12-31T14:03:44","guid":{"rendered":"http:\/\/www.reitverein-roehlingen.de\/html\/wordpress\/?p=289"},"modified":"2013-11-19T19:32:50","modified_gmt":"2013-11-19T19:32:50","slug":"1981-erwerb-eines-reitplatzes","status":"publish","type":"post","link":"https:\/\/www.reitverein-roehlingen.de\/html\/wordpress\/?p=289","title":{"rendered":"1981 Erwerb eines Reitplatzes"},"content":{"rendered":"Durch eine verschneite Winterlandschaft unternehmen unsere aktiven Reiter, am Stefanstag einen Ritt zu den Reiterfreunden nach Z\u00f6bingen, von dem sie erst sp\u00e4t abends wohlbehalten wieder zur\u00fcckkehren.\r\n\r\nAm 29. M\u00e4rz haben wir die ehrenvolle Aufgabe Anton B\u00fchler mit der Standartenabordnung zum 70. Geburtstag zu gratulieren.\r\n\r\nDieses Foto stammt aus dem Archiv von Gebhard B\u00fchler.\r\n\r\n\r\n\r\nBei der Generalversammlung stellt Eberhard Fuchs einen Antrag, zur \u00c4nderung der Satzung und zur Erstellung <a href=\"https:\/\/www.reitverein-roehlingen.de\/html\/wordpress\/?p=289\" class=\"more-link\"> [...]  Weiterlesen<\/a>","protected":false},"excerpt":{"rendered":"<p>Durch eine verschneite Winterlandschaft unternehmen unsere aktiven Reiter, am Stefanstag einen Ritt zu den Reiterfreunden nach Z\u00f6bingen, von dem sie erst sp\u00e4t abends wohlbehalten wieder zur\u00fcckkehren. Am 29. M\u00e4rz haben wir die ehrenvolle Aufgabe Anton B\u00fchler mit der Standartenabordnung zum &hellip; <a href=\"https:\/\/www.reitverein-roehlingen.de\/html\/wordpress\/?p=289\">Weiterlesen <span class=\"meta-nav\">&rarr;<\/span><\/a><\/p>\n","protected":false},"author":2,"featured_media":0,"comment_status":"closed","ping_status":"closed","sticky":false,"template":"","format":"standard","meta":{"footnotes":""},"categories":[19,8],"tags":[],"class_list":["post-289","post","type-post","status-publish","format-standard","hentry","category-chronik","category-vereins-historie"],"_links":{"self":[{"href":"https:\/\/www.reitverein-roehlingen.de\/html\/wordpress\/index.php?rest_route=\/wp\/v2\/posts\/289","targetHints":{"allow":["GET"]}}],"collection":[{"href":"https:\/\/www.reitverein-roehlingen.de\/html\/wordpress\/index.php?rest_route=\/wp\/v2\/posts"}],"about":[{"href":"https:\/\/www.reitverein-roehlingen.de\/html\/wordpress\/index.php?rest_route=\/wp\/v2\/types\/post"}],"author":[{"embeddable":true,"href":"https:\/\/www.reitverein-roehlingen.de\/html\/wordpress\/index.php?rest_route=\/wp\/v2\/users\/2"}],"replies":[{"embeddable":true,"href":"https:\/\/www.reitverein-roehlingen.de\/html\/wordpress\/index.php?rest_route=%2Fwp%2Fv2%2Fcomments&post=289"}],"version-history":[{"count":7,"href":"https:\/\/www.reitverein-roehlingen.de\/html\/wordpress\/index.php?rest_route=\/wp\/v2\/posts\/289\/revisions"}],"predecessor-version":[{"id":5253,"href":"https:\/\/www.reitverein-roehlingen.de\/html\/wordpress\/index.php?rest_route=\/wp\/v2\/posts\/289\/revisions\/5253"}],"wp:attachment":[{"href":"https:\/\/www.reitverein-roehlingen.de\/html\/wordpress\/index.php?rest_route=%2Fwp%2Fv2%2Fmedia&parent=289"}],"wp:term":[{"taxonomy":"category","embeddable":true,"href":"https:\/\/www.reitverein-roehlingen.de\/html\/wordpress\/index.php?rest_route=%2Fwp%2Fv2%2Fcategories&post=289"},{"taxonomy":"post_tag","embeddable":true,"href":"https:\/\/www.reitverein-roehlingen.de\/html\/wordpress\/index.php?rest_route=%2Fwp%2Fv2%2Ftags&post=289"}],"curies":[{"name":"wp","href":"https:\/\/api.w.org\/{rel}","templated":true}]}}