{"id":294,"date":"1979-12-31T14:11:02","date_gmt":"1979-12-31T14:11:02","guid":{"rendered":"http:\/\/www.reitverein-roehlingen.de\/html\/wordpress\/?p=294"},"modified":"2013-11-19T19:30:59","modified_gmt":"2013-11-19T19:30:59","slug":"1979-mahnung-zur-kameradschaftlichen-zusammenarbeit","status":"publish","type":"post","link":"https:\/\/www.reitverein-roehlingen.de\/html\/wordpress\/?p=294","title":{"rendered":"1979 Mahnung zur kameradschaftlichen Zusammenarbeit"},"content":{"rendered":"Der erste Vorsitzende Karl Haas stellt am 25.03. bei der j\u00e4hrlichen Generalversammlung sein Amt wegen Mi\u00dftrauens zur Verf\u00fcgung. Im Laufe des Abends, und nach harten Diskussionen spricht Eberhard Fuchs, im Namen der Anwesenden Karl Haas das Vertrauen aus, das diesen bewegt, sein Amt weiterzuf\u00fchren. Haas appelliert mit eindringlichen Worten zu mehr kameradschaftlicher Zusammenarbeit, auch mit Blick auf den bevorstehenden Kreisreitertag vom 30.06. bis 01.07. Man ist bestrebt, auch in diesem Jahr, <a href=\"https:\/\/www.reitverein-roehlingen.de\/html\/wordpress\/?p=294\" class=\"more-link\"> [...]  Weiterlesen<\/a>","protected":false},"excerpt":{"rendered":"<p>Der erste Vorsitzende Karl Haas stellt am 25.03. bei der j\u00e4hrlichen Generalversammlung sein Amt wegen Mi\u00dftrauens zur Verf\u00fcgung. Im Laufe des Abends, und nach harten Diskussionen spricht Eberhard Fuchs, im Namen der Anwesenden Karl Haas das Vertrauen aus, das diesen &hellip; <a href=\"https:\/\/www.reitverein-roehlingen.de\/html\/wordpress\/?p=294\">Weiterlesen <span class=\"meta-nav\">&rarr;<\/span><\/a><\/p>\n","protected":false},"author":2,"featured_media":0,"comment_status":"closed","ping_status":"closed","sticky":false,"template":"","format":"standard","meta":{"footnotes":""},"categories":[19,8],"tags":[],"class_list":["post-294","post","type-post","status-publish","format-standard","hentry","category-chronik","category-vereins-historie"],"_links":{"self":[{"href":"https:\/\/www.reitverein-roehlingen.de\/html\/wordpress\/index.php?rest_route=\/wp\/v2\/posts\/294","targetHints":{"allow":["GET"]}}],"collection":[{"href":"https:\/\/www.reitverein-roehlingen.de\/html\/wordpress\/index.php?rest_route=\/wp\/v2\/posts"}],"about":[{"href":"https:\/\/www.reitverein-roehlingen.de\/html\/wordpress\/index.php?rest_route=\/wp\/v2\/types\/post"}],"author":[{"embeddable":true,"href":"https:\/\/www.reitverein-roehlingen.de\/html\/wordpress\/index.php?rest_route=\/wp\/v2\/users\/2"}],"replies":[{"embeddable":true,"href":"https:\/\/www.reitverein-roehlingen.de\/html\/wordpress\/index.php?rest_route=%2Fwp%2Fv2%2Fcomments&post=294"}],"version-history":[{"count":9,"href":"https:\/\/www.reitverein-roehlingen.de\/html\/wordpress\/index.php?rest_route=\/wp\/v2\/posts\/294\/revisions"}],"predecessor-version":[{"id":5250,"href":"https:\/\/www.reitverein-roehlingen.de\/html\/wordpress\/index.php?rest_route=\/wp\/v2\/posts\/294\/revisions\/5250"}],"wp:attachment":[{"href":"https:\/\/www.reitverein-roehlingen.de\/html\/wordpress\/index.php?rest_route=%2Fwp%2Fv2%2Fmedia&parent=294"}],"wp:term":[{"taxonomy":"category","embeddable":true,"href":"https:\/\/www.reitverein-roehlingen.de\/html\/wordpress\/index.php?rest_route=%2Fwp%2Fv2%2Fcategories&post=294"},{"taxonomy":"post_tag","embeddable":true,"href":"https:\/\/www.reitverein-roehlingen.de\/html\/wordpress\/index.php?rest_route=%2Fwp%2Fv2%2Ftags&post=294"}],"curies":[{"name":"wp","href":"https:\/\/api.w.org\/{rel}","templated":true}]}}