{"id":296,"date":"1978-12-31T14:14:25","date_gmt":"1978-12-31T14:14:25","guid":{"rendered":"http:\/\/www.reitverein-roehlingen.de\/html\/wordpress\/?p=296"},"modified":"2018-12-15T14:14:20","modified_gmt":"2018-12-15T14:14:20","slug":"1978-kreisfuchsjagd-mit-66-pferden","status":"publish","type":"post","link":"https:\/\/www.reitverein-roehlingen.de\/html\/wordpress\/?p=296","title":{"rendered":"1978 Kreisfuchsjagd mit 66 Pferden"},"content":{"rendered":"Bei der Generalversammlung bedankt sich Major a.D. Karl Pochert nochmals f\u00fcr die Gl\u00fcckw\u00fcnsche zu seinem 75.Geburtstag. Er brachte vor allem die Freude dar\u00fcber zum Ausdruck, da\u00df die M\u00e4nner der ersten Stunde gekommen waren um ihrem einstigen Reitlehrer zu gratulieren.\r\n\r\nEin seit langem bestehender Gedanke wird realisiert. Zehn Nachwuchsreiter des Vereins legen nach eifrigem Training\u00a0am 24.04. dieses Jahres die Pr\u00fcfung f\u00fcr das Reitabzeichen ab. Ein Erfolg, der hoffen l\u00e4\u00dft. Jungreiter Anton <a href=\"https:\/\/www.reitverein-roehlingen.de\/html\/wordpress\/?p=296\" class=\"more-link\"> [...]  Weiterlesen<\/a>","protected":false},"excerpt":{"rendered":"<p>Bei der Generalversammlung bedankt sich Major a.D. Karl Pochert nochmals f\u00fcr die Gl\u00fcckw\u00fcnsche zu seinem 75.Geburtstag. Er brachte vor allem die Freude dar\u00fcber zum Ausdruck, da\u00df die M\u00e4nner der ersten Stunde gekommen waren um ihrem einstigen Reitlehrer zu gratulieren. Ein &hellip; <a href=\"https:\/\/www.reitverein-roehlingen.de\/html\/wordpress\/?p=296\">Weiterlesen <span class=\"meta-nav\">&rarr;<\/span><\/a><\/p>\n","protected":false},"author":2,"featured_media":0,"comment_status":"closed","ping_status":"closed","sticky":false,"template":"","format":"standard","meta":{"footnotes":""},"categories":[19,8],"tags":[],"class_list":["post-296","post","type-post","status-publish","format-standard","hentry","category-chronik","category-vereins-historie"],"_links":{"self":[{"href":"https:\/\/www.reitverein-roehlingen.de\/html\/wordpress\/index.php?rest_route=\/wp\/v2\/posts\/296","targetHints":{"allow":["GET"]}}],"collection":[{"href":"https:\/\/www.reitverein-roehlingen.de\/html\/wordpress\/index.php?rest_route=\/wp\/v2\/posts"}],"about":[{"href":"https:\/\/www.reitverein-roehlingen.de\/html\/wordpress\/index.php?rest_route=\/wp\/v2\/types\/post"}],"author":[{"embeddable":true,"href":"https:\/\/www.reitverein-roehlingen.de\/html\/wordpress\/index.php?rest_route=\/wp\/v2\/users\/2"}],"replies":[{"embeddable":true,"href":"https:\/\/www.reitverein-roehlingen.de\/html\/wordpress\/index.php?rest_route=%2Fwp%2Fv2%2Fcomments&post=296"}],"version-history":[{"count":9,"href":"https:\/\/www.reitverein-roehlingen.de\/html\/wordpress\/index.php?rest_route=\/wp\/v2\/posts\/296\/revisions"}],"predecessor-version":[{"id":14085,"href":"https:\/\/www.reitverein-roehlingen.de\/html\/wordpress\/index.php?rest_route=\/wp\/v2\/posts\/296\/revisions\/14085"}],"wp:attachment":[{"href":"https:\/\/www.reitverein-roehlingen.de\/html\/wordpress\/index.php?rest_route=%2Fwp%2Fv2%2Fmedia&parent=296"}],"wp:term":[{"taxonomy":"category","embeddable":true,"href":"https:\/\/www.reitverein-roehlingen.de\/html\/wordpress\/index.php?rest_route=%2Fwp%2Fv2%2Fcategories&post=296"},{"taxonomy":"post_tag","embeddable":true,"href":"https:\/\/www.reitverein-roehlingen.de\/html\/wordpress\/index.php?rest_route=%2Fwp%2Fv2%2Ftags&post=296"}],"curies":[{"name":"wp","href":"https:\/\/api.w.org\/{rel}","templated":true}]}}