{"id":298,"date":"1977-12-31T14:18:05","date_gmt":"1977-12-31T14:18:05","guid":{"rendered":"http:\/\/www.reitverein-roehlingen.de\/html\/wordpress\/?p=298"},"modified":"2012-09-11T13:10:40","modified_gmt":"2012-09-11T13:10:40","slug":"1977-anton-buhler-gibt-sein-amt-ab","status":"publish","type":"post","link":"https:\/\/www.reitverein-roehlingen.de\/html\/wordpress\/?p=298","title":{"rendered":"1977 Anton B\u00fchler gibt sein Amt ab"},"content":{"rendered":"Am 31. Januar findet erstmalig ein Faschingsreiten in der Reithalle mit viel Stimmung statt.\r\n\r\nBei der 28. Generalversammlung seit Bestehen des Vereins gibt es wieder einen F\u00fchrungswechsel. Erster Vorsitzender und Reitlehrer Anton B\u00fchler gibt seien R\u00fccktritt aus Altersgr\u00fcnden bekannt. Als Nachfolger wird Karl Haas und als dessen Stellvertreter Eberhard Fuchs\u00a0gew\u00e4hlt. Ein Vorschlag, da\u00df man zum ersten Mal einen ausw\u00e4rtigen Reiter aus Rindelbach in den Ausschu\u00df w\u00e4hlt, wurde von den Mitgliedern <a href=\"https:\/\/www.reitverein-roehlingen.de\/html\/wordpress\/?p=298\" class=\"more-link\"> [...]  Weiterlesen<\/a>","protected":false},"excerpt":{"rendered":"<p>Am 31. Januar findet erstmalig ein Faschingsreiten in der Reithalle mit viel Stimmung statt. Bei der 28. Generalversammlung seit Bestehen des Vereins gibt es wieder einen F\u00fchrungswechsel. Erster Vorsitzender und Reitlehrer Anton B\u00fchler gibt seien R\u00fccktritt aus Altersgr\u00fcnden bekannt. Als &hellip; <a href=\"https:\/\/www.reitverein-roehlingen.de\/html\/wordpress\/?p=298\">Weiterlesen <span class=\"meta-nav\">&rarr;<\/span><\/a><\/p>\n","protected":false},"author":2,"featured_media":0,"comment_status":"closed","ping_status":"closed","sticky":false,"template":"","format":"standard","meta":{"footnotes":""},"categories":[19,8],"tags":[],"class_list":["post-298","post","type-post","status-publish","format-standard","hentry","category-chronik","category-vereins-historie"],"_links":{"self":[{"href":"https:\/\/www.reitverein-roehlingen.de\/html\/wordpress\/index.php?rest_route=\/wp\/v2\/posts\/298","targetHints":{"allow":["GET"]}}],"collection":[{"href":"https:\/\/www.reitverein-roehlingen.de\/html\/wordpress\/index.php?rest_route=\/wp\/v2\/posts"}],"about":[{"href":"https:\/\/www.reitverein-roehlingen.de\/html\/wordpress\/index.php?rest_route=\/wp\/v2\/types\/post"}],"author":[{"embeddable":true,"href":"https:\/\/www.reitverein-roehlingen.de\/html\/wordpress\/index.php?rest_route=\/wp\/v2\/users\/2"}],"replies":[{"embeddable":true,"href":"https:\/\/www.reitverein-roehlingen.de\/html\/wordpress\/index.php?rest_route=%2Fwp%2Fv2%2Fcomments&post=298"}],"version-history":[{"count":7,"href":"https:\/\/www.reitverein-roehlingen.de\/html\/wordpress\/index.php?rest_route=\/wp\/v2\/posts\/298\/revisions"}],"predecessor-version":[{"id":722,"href":"https:\/\/www.reitverein-roehlingen.de\/html\/wordpress\/index.php?rest_route=\/wp\/v2\/posts\/298\/revisions\/722"}],"wp:attachment":[{"href":"https:\/\/www.reitverein-roehlingen.de\/html\/wordpress\/index.php?rest_route=%2Fwp%2Fv2%2Fmedia&parent=298"}],"wp:term":[{"taxonomy":"category","embeddable":true,"href":"https:\/\/www.reitverein-roehlingen.de\/html\/wordpress\/index.php?rest_route=%2Fwp%2Fv2%2Fcategories&post=298"},{"taxonomy":"post_tag","embeddable":true,"href":"https:\/\/www.reitverein-roehlingen.de\/html\/wordpress\/index.php?rest_route=%2Fwp%2Fv2%2Ftags&post=298"}],"curies":[{"name":"wp","href":"https:\/\/api.w.org\/{rel}","templated":true}]}}