{"id":302,"date":"1975-12-31T14:24:58","date_gmt":"1975-12-31T14:24:58","guid":{"rendered":"http:\/\/www.reitverein-roehlingen.de\/html\/wordpress\/?p=302"},"modified":"2013-01-29T09:33:33","modified_gmt":"2013-01-29T09:33:33","slug":"1975-sportich-erfolgreiches-jahr","status":"publish","type":"post","link":"https:\/\/www.reitverein-roehlingen.de\/html\/wordpress\/?p=302","title":{"rendered":"1975 Sportlich erfolgreiches Jahr"},"content":{"rendered":"Traditionsgem\u00e4\u00df beginnt das neue Vereinsjahr mit dem Kalten Markt, bei dem sich 30 Reiter unseres Vereins beteiligen.\r\n\r\nBei der j\u00e4hrlichen Generalversammlung wird die Vorstandschaft einstimmig wiedergew\u00e4hlt.\r\n\r\nIm Rahmen der Versammlung darf der 1. Vorsitzende Anton\u00a0B\u00fchler 8 Reiterkameraden f\u00fcr 40-j\u00e4hrige Treue zu Ehrenmitgliedern ernennen. Anton B\u00fchler, Vitus B\u00fchler, Georg Kling, Wendelin W\u00fcnsch, Eugen Konle, Alois Stock, Hans Thor, Josef Higler. Alfred Wei\u00df wird f\u00fcr 20-j\u00e4hrigen Dienst <a href=\"https:\/\/www.reitverein-roehlingen.de\/html\/wordpress\/?p=302\" class=\"more-link\"> [...]  Weiterlesen<\/a>","protected":false},"excerpt":{"rendered":"<p>Traditionsgem\u00e4\u00df beginnt das neue Vereinsjahr mit dem Kalten Markt, bei dem sich 30 Reiter unseres Vereins beteiligen. Bei der j\u00e4hrlichen Generalversammlung wird die Vorstandschaft einstimmig wiedergew\u00e4hlt. Im Rahmen der Versammlung darf der 1. Vorsitzende Anton\u00a0B\u00fchler 8 Reiterkameraden f\u00fcr 40-j\u00e4hrige Treue &hellip; <a href=\"https:\/\/www.reitverein-roehlingen.de\/html\/wordpress\/?p=302\">Weiterlesen <span class=\"meta-nav\">&rarr;<\/span><\/a><\/p>\n","protected":false},"author":2,"featured_media":0,"comment_status":"closed","ping_status":"closed","sticky":false,"template":"","format":"standard","meta":{"footnotes":""},"categories":[19,8],"tags":[],"class_list":["post-302","post","type-post","status-publish","format-standard","hentry","category-chronik","category-vereins-historie"],"_links":{"self":[{"href":"https:\/\/www.reitverein-roehlingen.de\/html\/wordpress\/index.php?rest_route=\/wp\/v2\/posts\/302","targetHints":{"allow":["GET"]}}],"collection":[{"href":"https:\/\/www.reitverein-roehlingen.de\/html\/wordpress\/index.php?rest_route=\/wp\/v2\/posts"}],"about":[{"href":"https:\/\/www.reitverein-roehlingen.de\/html\/wordpress\/index.php?rest_route=\/wp\/v2\/types\/post"}],"author":[{"embeddable":true,"href":"https:\/\/www.reitverein-roehlingen.de\/html\/wordpress\/index.php?rest_route=\/wp\/v2\/users\/2"}],"replies":[{"embeddable":true,"href":"https:\/\/www.reitverein-roehlingen.de\/html\/wordpress\/index.php?rest_route=%2Fwp%2Fv2%2Fcomments&post=302"}],"version-history":[{"count":5,"href":"https:\/\/www.reitverein-roehlingen.de\/html\/wordpress\/index.php?rest_route=\/wp\/v2\/posts\/302\/revisions"}],"predecessor-version":[{"id":3458,"href":"https:\/\/www.reitverein-roehlingen.de\/html\/wordpress\/index.php?rest_route=\/wp\/v2\/posts\/302\/revisions\/3458"}],"wp:attachment":[{"href":"https:\/\/www.reitverein-roehlingen.de\/html\/wordpress\/index.php?rest_route=%2Fwp%2Fv2%2Fmedia&parent=302"}],"wp:term":[{"taxonomy":"category","embeddable":true,"href":"https:\/\/www.reitverein-roehlingen.de\/html\/wordpress\/index.php?rest_route=%2Fwp%2Fv2%2Fcategories&post=302"},{"taxonomy":"post_tag","embeddable":true,"href":"https:\/\/www.reitverein-roehlingen.de\/html\/wordpress\/index.php?rest_route=%2Fwp%2Fv2%2Ftags&post=302"}],"curies":[{"name":"wp","href":"https:\/\/api.w.org\/{rel}","templated":true}]}}