{"id":3048,"date":"2007-09-17T19:27:01","date_gmt":"2007-09-17T19:27:01","guid":{"rendered":"http:\/\/www.reitverein-roehlingen.de\/html\/wordpress\/?p=3048"},"modified":"2013-01-31T10:33:41","modified_gmt":"2013-01-31T10:33:41","slug":"sogar-am-tresen-stand-ein-pferd","status":"publish","type":"post","link":"https:\/\/www.reitverein-roehlingen.de\/html\/wordpress\/?p=3048","title":{"rendered":"Sogar am Tresen stand ein Pferd"},"content":{"rendered":"Die Ellwanger Pferdetage haben auch in ihrer f\u00fcnften Auflage nichts von ihrer Attraktivit\u00e4t eingeb\u00fc\u00dft. Nach dem Auftakt am Freitagabend str\u00f6mten am Samstag und Sonntag die Massen; gestern d\u00fcrften es um die 20 000 Besucher in der Innenstadt gewesen sein.\r\n\r\nELLWANGEN \u201eDie sind den Kalten Markt gewohnt\u201c, erkl\u00e4rte sich Gisela H\u00f6ll vom \u201eStadtcaf\u00e9\u201c bei der \u201eNacht der Pferde\u201c die Standhaftigkeit der mindestens 2000 Zuschauer am Marktplatz: Am Ende d\u00fcrfte es in der Samstagnacht gerade <a href=\"https:\/\/www.reitverein-roehlingen.de\/html\/wordpress\/?p=3048\" class=\"more-link\"> [...]  Weiterlesen<\/a>","protected":false},"excerpt":{"rendered":"<p>Die Ellwanger Pferdetage haben auch in ihrer f\u00fcnften Auflage nichts von ihrer Attraktivit\u00e4t eingeb\u00fc\u00dft. Nach dem Auftakt am Freitagabend str\u00f6mten am Samstag und Sonntag die Massen; gestern d\u00fcrften es um die 20 000 Besucher in der Innenstadt gewesen sein. ELLWANGEN &hellip; <a href=\"https:\/\/www.reitverein-roehlingen.de\/html\/wordpress\/?p=3048\">Weiterlesen <span class=\"meta-nav\">&rarr;<\/span><\/a><\/p>\n","protected":false},"author":2,"featured_media":0,"comment_status":"closed","ping_status":"closed","sticky":false,"template":"","format":"standard","meta":{"footnotes":""},"categories":[19,8],"tags":[],"class_list":["post-3048","post","type-post","status-publish","format-standard","hentry","category-chronik","category-vereins-historie"],"_links":{"self":[{"href":"https:\/\/www.reitverein-roehlingen.de\/html\/wordpress\/index.php?rest_route=\/wp\/v2\/posts\/3048","targetHints":{"allow":["GET"]}}],"collection":[{"href":"https:\/\/www.reitverein-roehlingen.de\/html\/wordpress\/index.php?rest_route=\/wp\/v2\/posts"}],"about":[{"href":"https:\/\/www.reitverein-roehlingen.de\/html\/wordpress\/index.php?rest_route=\/wp\/v2\/types\/post"}],"author":[{"embeddable":true,"href":"https:\/\/www.reitverein-roehlingen.de\/html\/wordpress\/index.php?rest_route=\/wp\/v2\/users\/2"}],"replies":[{"embeddable":true,"href":"https:\/\/www.reitverein-roehlingen.de\/html\/wordpress\/index.php?rest_route=%2Fwp%2Fv2%2Fcomments&post=3048"}],"version-history":[{"count":3,"href":"https:\/\/www.reitverein-roehlingen.de\/html\/wordpress\/index.php?rest_route=\/wp\/v2\/posts\/3048\/revisions"}],"predecessor-version":[{"id":3567,"href":"https:\/\/www.reitverein-roehlingen.de\/html\/wordpress\/index.php?rest_route=\/wp\/v2\/posts\/3048\/revisions\/3567"}],"wp:attachment":[{"href":"https:\/\/www.reitverein-roehlingen.de\/html\/wordpress\/index.php?rest_route=%2Fwp%2Fv2%2Fmedia&parent=3048"}],"wp:term":[{"taxonomy":"category","embeddable":true,"href":"https:\/\/www.reitverein-roehlingen.de\/html\/wordpress\/index.php?rest_route=%2Fwp%2Fv2%2Fcategories&post=3048"},{"taxonomy":"post_tag","embeddable":true,"href":"https:\/\/www.reitverein-roehlingen.de\/html\/wordpress\/index.php?rest_route=%2Fwp%2Fv2%2Ftags&post=3048"}],"curies":[{"name":"wp","href":"https:\/\/api.w.org\/{rel}","templated":true}]}}