{"id":3061,"date":"2011-05-08T19:59:15","date_gmt":"2011-05-08T19:59:15","guid":{"rendered":"http:\/\/www.reitverein-roehlingen.de\/html\/wordpress\/?p=3061"},"modified":"2012-11-05T20:33:13","modified_gmt":"2012-11-05T20:33:13","slug":"jubilaumsritt-bei-kaiserwetter","status":"publish","type":"post","link":"https:\/\/www.reitverein-roehlingen.de\/html\/wordpress\/?p=3061","title":{"rendered":"Jubil\u00e4umsritt bei Kaiserwetter"},"content":{"rendered":"80 Reiterinnen und Reiter beim 25. Waldh\u00e4user St.-Georgs-Ritt \u00fcber die Fluren des vorderen H\u00e4rtsfelds\r\n\r\n\u201eWenn man eine Tradition \u00fcber 25 Jahre pflegt, dann ist dies ein Grund zum Feiern und vor allem, um zu danken\u201c, meinte der zweite Vorsitzende des Kirchengemeinderats, Martin Starz, beim Start zum 25. St.-Georgs-Ritt durch die Fluren rund um Waldhausen.\r\n\r\nImmerhin 80 Reiter zogen in einer imposanten Kavalkade durch die Fluren, um die drei Kapellen in Arlesberg, Simmisweiler und Bernlohe <a href=\"https:\/\/www.reitverein-roehlingen.de\/html\/wordpress\/?p=3061\" class=\"more-link\"> [...]  Weiterlesen<\/a>","protected":false},"excerpt":{"rendered":"<p>80 Reiterinnen und Reiter beim 25. Waldh\u00e4user St.-Georgs-Ritt \u00fcber die Fluren des vorderen H\u00e4rtsfelds \u201eWenn man eine Tradition \u00fcber 25 Jahre pflegt, dann ist dies ein Grund zum Feiern und vor allem, um zu danken\u201c, meinte der zweite Vorsitzende des &hellip; <a href=\"https:\/\/www.reitverein-roehlingen.de\/html\/wordpress\/?p=3061\">Weiterlesen <span class=\"meta-nav\">&rarr;<\/span><\/a><\/p>\n","protected":false},"author":2,"featured_media":0,"comment_status":"closed","ping_status":"closed","sticky":false,"template":"","format":"standard","meta":{"footnotes":""},"categories":[24,8],"tags":[],"class_list":["post-3061","post","type-post","status-publish","format-standard","hentry","category-kirchliche-ritte","category-vereins-historie"],"_links":{"self":[{"href":"https:\/\/www.reitverein-roehlingen.de\/html\/wordpress\/index.php?rest_route=\/wp\/v2\/posts\/3061","targetHints":{"allow":["GET"]}}],"collection":[{"href":"https:\/\/www.reitverein-roehlingen.de\/html\/wordpress\/index.php?rest_route=\/wp\/v2\/posts"}],"about":[{"href":"https:\/\/www.reitverein-roehlingen.de\/html\/wordpress\/index.php?rest_route=\/wp\/v2\/types\/post"}],"author":[{"embeddable":true,"href":"https:\/\/www.reitverein-roehlingen.de\/html\/wordpress\/index.php?rest_route=\/wp\/v2\/users\/2"}],"replies":[{"embeddable":true,"href":"https:\/\/www.reitverein-roehlingen.de\/html\/wordpress\/index.php?rest_route=%2Fwp%2Fv2%2Fcomments&post=3061"}],"version-history":[{"count":2,"href":"https:\/\/www.reitverein-roehlingen.de\/html\/wordpress\/index.php?rest_route=\/wp\/v2\/posts\/3061\/revisions"}],"predecessor-version":[{"id":3071,"href":"https:\/\/www.reitverein-roehlingen.de\/html\/wordpress\/index.php?rest_route=\/wp\/v2\/posts\/3061\/revisions\/3071"}],"wp:attachment":[{"href":"https:\/\/www.reitverein-roehlingen.de\/html\/wordpress\/index.php?rest_route=%2Fwp%2Fv2%2Fmedia&parent=3061"}],"wp:term":[{"taxonomy":"category","embeddable":true,"href":"https:\/\/www.reitverein-roehlingen.de\/html\/wordpress\/index.php?rest_route=%2Fwp%2Fv2%2Fcategories&post=3061"},{"taxonomy":"post_tag","embeddable":true,"href":"https:\/\/www.reitverein-roehlingen.de\/html\/wordpress\/index.php?rest_route=%2Fwp%2Fv2%2Ftags&post=3061"}],"curies":[{"name":"wp","href":"https:\/\/api.w.org\/{rel}","templated":true}]}}