{"id":3147,"date":"2010-12-31T08:16:35","date_gmt":"2010-12-31T08:16:35","guid":{"rendered":"http:\/\/www.reitverein-roehlingen.de\/html\/wordpress\/?p=3147"},"modified":"2013-11-09T09:44:50","modified_gmt":"2013-11-09T09:44:50","slug":"wissenswertes-zu-den-voltis-4","status":"publish","type":"post","link":"https:\/\/www.reitverein-roehlingen.de\/html\/wordpress\/?p=3147","title":{"rendered":"Wissenswertes zu den Voltis"},"content":{"rendered":"2010 folgten die ersten erfolgreichen\u00a0Starts der Turniergruppe in Klasse L.\r\n\r\nEs starten auch verschiedene Voltigierer in\u00a0Einzelwettk\u00e4mpfen bis zu Baden W\u00fcrttembergischen (Natalie Mohr) und\u00a0S\u00fcddeutschen (Natalie Mohr und Larissa G\u00f6sele) Meisterschaften 2010.\r\n\r\nAb 2010 zus\u00e4tzlich\u00a0auch Starts im Doppelvoltigieren durch Jana Rathgeb und Amelie Grundler .\r\n\r\nDie zweite Mannschaft startete 2009 auch in Klasse A ( zweiter Platz), da\u00a0danach die Gruppe aber fast komplett neu aufgebaut werden <a href=\"https:\/\/www.reitverein-roehlingen.de\/html\/wordpress\/?p=3147\" class=\"more-link\"> [...]  Weiterlesen<\/a>","protected":false},"excerpt":{"rendered":"<p>2010 folgten die ersten erfolgreichen\u00a0Starts der Turniergruppe in Klasse L. Es starten auch verschiedene Voltigierer in\u00a0Einzelwettk\u00e4mpfen bis zu Baden W\u00fcrttembergischen (Natalie Mohr) und\u00a0S\u00fcddeutschen (Natalie Mohr und Larissa G\u00f6sele) Meisterschaften 2010. Ab 2010 zus\u00e4tzlich\u00a0auch Starts im Doppelvoltigieren durch Jana Rathgeb und &hellip; <a href=\"https:\/\/www.reitverein-roehlingen.de\/html\/wordpress\/?p=3147\">Weiterlesen <span class=\"meta-nav\">&rarr;<\/span><\/a><\/p>\n","protected":false},"author":2,"featured_media":0,"comment_status":"closed","ping_status":"closed","sticky":false,"template":"","format":"standard","meta":{"footnotes":""},"categories":[8,27],"tags":[],"class_list":["post-3147","post","type-post","status-publish","format-standard","hentry","category-vereins-historie","category-voltigieren"],"_links":{"self":[{"href":"https:\/\/www.reitverein-roehlingen.de\/html\/wordpress\/index.php?rest_route=\/wp\/v2\/posts\/3147","targetHints":{"allow":["GET"]}}],"collection":[{"href":"https:\/\/www.reitverein-roehlingen.de\/html\/wordpress\/index.php?rest_route=\/wp\/v2\/posts"}],"about":[{"href":"https:\/\/www.reitverein-roehlingen.de\/html\/wordpress\/index.php?rest_route=\/wp\/v2\/types\/post"}],"author":[{"embeddable":true,"href":"https:\/\/www.reitverein-roehlingen.de\/html\/wordpress\/index.php?rest_route=\/wp\/v2\/users\/2"}],"replies":[{"embeddable":true,"href":"https:\/\/www.reitverein-roehlingen.de\/html\/wordpress\/index.php?rest_route=%2Fwp%2Fv2%2Fcomments&post=3147"}],"version-history":[{"count":7,"href":"https:\/\/www.reitverein-roehlingen.de\/html\/wordpress\/index.php?rest_route=\/wp\/v2\/posts\/3147\/revisions"}],"predecessor-version":[{"id":5194,"href":"https:\/\/www.reitverein-roehlingen.de\/html\/wordpress\/index.php?rest_route=\/wp\/v2\/posts\/3147\/revisions\/5194"}],"wp:attachment":[{"href":"https:\/\/www.reitverein-roehlingen.de\/html\/wordpress\/index.php?rest_route=%2Fwp%2Fv2%2Fmedia&parent=3147"}],"wp:term":[{"taxonomy":"category","embeddable":true,"href":"https:\/\/www.reitverein-roehlingen.de\/html\/wordpress\/index.php?rest_route=%2Fwp%2Fv2%2Fcategories&post=3147"},{"taxonomy":"post_tag","embeddable":true,"href":"https:\/\/www.reitverein-roehlingen.de\/html\/wordpress\/index.php?rest_route=%2Fwp%2Fv2%2Ftags&post=3147"}],"curies":[{"name":"wp","href":"https:\/\/api.w.org\/{rel}","templated":true}]}}