{"id":3397,"date":"2013-12-31T19:09:09","date_gmt":"2013-12-31T19:09:09","guid":{"rendered":"http:\/\/www.reitverein-roehlingen.de\/html\/wordpress\/?p=3397"},"modified":"2014-06-28T15:48:38","modified_gmt":"2014-06-28T15:48:38","slug":"was-war-2013-sonst-noch-los","status":"publish","type":"post","link":"https:\/\/www.reitverein-roehlingen.de\/html\/wordpress\/?p=3397","title":{"rendered":"was war 2013 sonst noch los&#8230;"},"content":{"rendered":"Zu Beginn des Jahres stellte das Wilde Heer der R\u00f6SeNa seinen Narrenbaum auf. Am 11. Januar zogen drei Kaltbl\u00fcter von Josef Thomer den schweren Baum mit einem pr\u00e4chtigen Umzug zum Aufstellplatz.\r\n\r\n\r\n\r\nAm 27. M\u00e4rz hatte f\u00fcr unseren Jugendwart Inga Maierh\u00f6fer das Warten ein Ende: Um 3.29Uhr erblickte Luci das Licht der Welt mit 3100g und 53cm gro\u00df. Roland Maierh\u00f6fer, der stolze Vater, stellte uns ein Bild von seinen drei M\u00e4dels zur Verf\u00fcgung....\r\n\r\n\r\n\r\nAm 5. April war in Rindelbach die Hengstpr\u00e4sentation. <a href=\"https:\/\/www.reitverein-roehlingen.de\/html\/wordpress\/?p=3397\" class=\"more-link\"> [...]  Weiterlesen<\/a>","protected":false},"excerpt":{"rendered":"<p>Zu Beginn des Jahres stellte das Wilde Heer der R\u00f6SeNa seinen Narrenbaum auf. Am 11. Januar zogen drei Kaltbl\u00fcter von Josef Thomer den schweren Baum mit einem pr\u00e4chtigen Umzug zum Aufstellplatz. Am 27. M\u00e4rz hatte f\u00fcr unseren Jugendwart Inga Maierh\u00f6fer &hellip; <a href=\"https:\/\/www.reitverein-roehlingen.de\/html\/wordpress\/?p=3397\">Weiterlesen <span class=\"meta-nav\">&rarr;<\/span><\/a><\/p>\n","protected":false},"author":2,"featured_media":0,"comment_status":"closed","ping_status":"closed","sticky":false,"template":"","format":"standard","meta":{"footnotes":""},"categories":[19,8],"tags":[],"class_list":["post-3397","post","type-post","status-publish","format-standard","hentry","category-chronik","category-vereins-historie"],"_links":{"self":[{"href":"https:\/\/www.reitverein-roehlingen.de\/html\/wordpress\/index.php?rest_route=\/wp\/v2\/posts\/3397","targetHints":{"allow":["GET"]}}],"collection":[{"href":"https:\/\/www.reitverein-roehlingen.de\/html\/wordpress\/index.php?rest_route=\/wp\/v2\/posts"}],"about":[{"href":"https:\/\/www.reitverein-roehlingen.de\/html\/wordpress\/index.php?rest_route=\/wp\/v2\/types\/post"}],"author":[{"embeddable":true,"href":"https:\/\/www.reitverein-roehlingen.de\/html\/wordpress\/index.php?rest_route=\/wp\/v2\/users\/2"}],"replies":[{"embeddable":true,"href":"https:\/\/www.reitverein-roehlingen.de\/html\/wordpress\/index.php?rest_route=%2Fwp%2Fv2%2Fcomments&post=3397"}],"version-history":[{"count":18,"href":"https:\/\/www.reitverein-roehlingen.de\/html\/wordpress\/index.php?rest_route=\/wp\/v2\/posts\/3397\/revisions"}],"predecessor-version":[{"id":5599,"href":"https:\/\/www.reitverein-roehlingen.de\/html\/wordpress\/index.php?rest_route=\/wp\/v2\/posts\/3397\/revisions\/5599"}],"wp:attachment":[{"href":"https:\/\/www.reitverein-roehlingen.de\/html\/wordpress\/index.php?rest_route=%2Fwp%2Fv2%2Fmedia&parent=3397"}],"wp:term":[{"taxonomy":"category","embeddable":true,"href":"https:\/\/www.reitverein-roehlingen.de\/html\/wordpress\/index.php?rest_route=%2Fwp%2Fv2%2Fcategories&post=3397"},{"taxonomy":"post_tag","embeddable":true,"href":"https:\/\/www.reitverein-roehlingen.de\/html\/wordpress\/index.php?rest_route=%2Fwp%2Fv2%2Ftags&post=3397"}],"curies":[{"name":"wp","href":"https:\/\/api.w.org\/{rel}","templated":true}]}}