{"id":352,"date":"1969-12-31T07:17:46","date_gmt":"1969-12-31T07:17:46","guid":{"rendered":"http:\/\/www.reitverein-roehlingen.de\/html\/wordpress\/?p=352"},"modified":"2012-07-09T09:16:03","modified_gmt":"2012-07-09T09:16:03","slug":"1969-siegesserie-im-wanderpreis-reist-nicht-ab","status":"publish","type":"post","link":"https:\/\/www.reitverein-roehlingen.de\/html\/wordpress\/?p=352","title":{"rendered":"1969 Siegesserie im Wanderpreis rei\u00dft nicht ab"},"content":{"rendered":"Die Siegesserie der R\u00f6hlinger scheint nicht abzurei\u00dfen. Beim Kreisreitertag vom 10.-11. Mai in Ellwangen, k\u00f6nnen Josef K\u00f6ninger, Franz K\u00f6ninger, Anton B\u00fchler jun. und Hariof Sch\u00f6nherr den Wanderpreis mit nach Hause nehmen.\r\n\r\nWie die Jahre zuvor trifft man sich zum gem\u00fctlichen Beisammensein in Form eines Kameradschaftsabend im Gasthaus \u201eGr\u00fcner Baum\u201c in R\u00f6hlingen.\r\n\r\nAm 07. Juni gibt\u2019s f\u00fcr die Pferdebesitzer in Aalen ein Stelldichein. Bei der Staatspr\u00e4mierung werden die vorgestellten <a href=\"https:\/\/www.reitverein-roehlingen.de\/html\/wordpress\/?p=352\" class=\"more-link\"> [...]  Weiterlesen<\/a>","protected":false},"excerpt":{"rendered":"<p>Die Siegesserie der R\u00f6hlinger scheint nicht abzurei\u00dfen. Beim Kreisreitertag vom 10.-11. Mai in Ellwangen, k\u00f6nnen Josef K\u00f6ninger, Franz K\u00f6ninger, Anton B\u00fchler jun. und Hariof Sch\u00f6nherr den Wanderpreis mit nach Hause nehmen. Wie die Jahre zuvor trifft man sich zum gem\u00fctlichen &hellip; <a href=\"https:\/\/www.reitverein-roehlingen.de\/html\/wordpress\/?p=352\">Weiterlesen <span class=\"meta-nav\">&rarr;<\/span><\/a><\/p>\n","protected":false},"author":2,"featured_media":0,"comment_status":"closed","ping_status":"closed","sticky":false,"template":"","format":"standard","meta":{"footnotes":""},"categories":[19,8],"tags":[],"class_list":["post-352","post","type-post","status-publish","format-standard","hentry","category-chronik","category-vereins-historie"],"_links":{"self":[{"href":"https:\/\/www.reitverein-roehlingen.de\/html\/wordpress\/index.php?rest_route=\/wp\/v2\/posts\/352","targetHints":{"allow":["GET"]}}],"collection":[{"href":"https:\/\/www.reitverein-roehlingen.de\/html\/wordpress\/index.php?rest_route=\/wp\/v2\/posts"}],"about":[{"href":"https:\/\/www.reitverein-roehlingen.de\/html\/wordpress\/index.php?rest_route=\/wp\/v2\/types\/post"}],"author":[{"embeddable":true,"href":"https:\/\/www.reitverein-roehlingen.de\/html\/wordpress\/index.php?rest_route=\/wp\/v2\/users\/2"}],"replies":[{"embeddable":true,"href":"https:\/\/www.reitverein-roehlingen.de\/html\/wordpress\/index.php?rest_route=%2Fwp%2Fv2%2Fcomments&post=352"}],"version-history":[{"count":2,"href":"https:\/\/www.reitverein-roehlingen.de\/html\/wordpress\/index.php?rest_route=\/wp\/v2\/posts\/352\/revisions"}],"predecessor-version":[{"id":2028,"href":"https:\/\/www.reitverein-roehlingen.de\/html\/wordpress\/index.php?rest_route=\/wp\/v2\/posts\/352\/revisions\/2028"}],"wp:attachment":[{"href":"https:\/\/www.reitverein-roehlingen.de\/html\/wordpress\/index.php?rest_route=%2Fwp%2Fv2%2Fmedia&parent=352"}],"wp:term":[{"taxonomy":"category","embeddable":true,"href":"https:\/\/www.reitverein-roehlingen.de\/html\/wordpress\/index.php?rest_route=%2Fwp%2Fv2%2Fcategories&post=352"},{"taxonomy":"post_tag","embeddable":true,"href":"https:\/\/www.reitverein-roehlingen.de\/html\/wordpress\/index.php?rest_route=%2Fwp%2Fv2%2Ftags&post=352"}],"curies":[{"name":"wp","href":"https:\/\/api.w.org\/{rel}","templated":true}]}}