{"id":356,"date":"1967-12-31T07:22:23","date_gmt":"1967-12-31T07:22:23","guid":{"rendered":"http:\/\/www.reitverein-roehlingen.de\/html\/wordpress\/?p=356"},"modified":"2012-07-09T09:17:12","modified_gmt":"2012-07-09T09:17:12","slug":"1967-kreisreitertag-lippach-1-platz","status":"publish","type":"post","link":"https:\/\/www.reitverein-roehlingen.de\/html\/wordpress\/?p=356","title":{"rendered":"1967 Kreisreitertag Lippach 1.Platz"},"content":{"rendered":"Mit Stimmenmehrheit spricht sich die Versammlung f\u00fcr eine Erh\u00f6hung der Beitr\u00e4ge aus. Bei aktiven Mitgliedern von 5,--DM auf 10,--DM, der von Passiven von 4,--DM auf 5,-- DM. Hauptthema der Versammlung ist wiederum der Bau einer Reithalle mit den Ma\u00dfen von 20 x 40 Metern. Mit der Planung soll so schnell wie m\u00f6glich begonnen werden. Ein eigens gegr\u00fcndeter Bauausschu\u00df soll die Arbeit vorantreiben.\r\n\r\nBeim Kreisreitertag am 21. Mai in Lippach wird der 1. Platz beim Wanderpreis erreicht. Ebenfalls <a href=\"https:\/\/www.reitverein-roehlingen.de\/html\/wordpress\/?p=356\" class=\"more-link\"> [...]  Weiterlesen<\/a>","protected":false},"excerpt":{"rendered":"<p>Mit Stimmenmehrheit spricht sich die Versammlung f\u00fcr eine Erh\u00f6hung der Beitr\u00e4ge aus. Bei aktiven Mitgliedern von 5,&#8211;DM auf 10,&#8211;DM, der von Passiven von 4,&#8211;DM auf 5,&#8211; DM. Hauptthema der Versammlung ist wiederum der Bau einer Reithalle mit den Ma\u00dfen von &hellip; <a href=\"https:\/\/www.reitverein-roehlingen.de\/html\/wordpress\/?p=356\">Weiterlesen <span class=\"meta-nav\">&rarr;<\/span><\/a><\/p>\n","protected":false},"author":2,"featured_media":0,"comment_status":"closed","ping_status":"closed","sticky":false,"template":"","format":"standard","meta":{"footnotes":""},"categories":[19,8],"tags":[],"class_list":["post-356","post","type-post","status-publish","format-standard","hentry","category-chronik","category-vereins-historie"],"_links":{"self":[{"href":"https:\/\/www.reitverein-roehlingen.de\/html\/wordpress\/index.php?rest_route=\/wp\/v2\/posts\/356","targetHints":{"allow":["GET"]}}],"collection":[{"href":"https:\/\/www.reitverein-roehlingen.de\/html\/wordpress\/index.php?rest_route=\/wp\/v2\/posts"}],"about":[{"href":"https:\/\/www.reitverein-roehlingen.de\/html\/wordpress\/index.php?rest_route=\/wp\/v2\/types\/post"}],"author":[{"embeddable":true,"href":"https:\/\/www.reitverein-roehlingen.de\/html\/wordpress\/index.php?rest_route=\/wp\/v2\/users\/2"}],"replies":[{"embeddable":true,"href":"https:\/\/www.reitverein-roehlingen.de\/html\/wordpress\/index.php?rest_route=%2Fwp%2Fv2%2Fcomments&post=356"}],"version-history":[{"count":5,"href":"https:\/\/www.reitverein-roehlingen.de\/html\/wordpress\/index.php?rest_route=\/wp\/v2\/posts\/356\/revisions"}],"predecessor-version":[{"id":3448,"href":"https:\/\/www.reitverein-roehlingen.de\/html\/wordpress\/index.php?rest_route=\/wp\/v2\/posts\/356\/revisions\/3448"}],"wp:attachment":[{"href":"https:\/\/www.reitverein-roehlingen.de\/html\/wordpress\/index.php?rest_route=%2Fwp%2Fv2%2Fmedia&parent=356"}],"wp:term":[{"taxonomy":"category","embeddable":true,"href":"https:\/\/www.reitverein-roehlingen.de\/html\/wordpress\/index.php?rest_route=%2Fwp%2Fv2%2Fcategories&post=356"},{"taxonomy":"post_tag","embeddable":true,"href":"https:\/\/www.reitverein-roehlingen.de\/html\/wordpress\/index.php?rest_route=%2Fwp%2Fv2%2Ftags&post=356"}],"curies":[{"name":"wp","href":"https:\/\/api.w.org\/{rel}","templated":true}]}}