{"id":360,"date":"1965-12-31T07:27:08","date_gmt":"1965-12-31T07:27:08","guid":{"rendered":"http:\/\/www.reitverein-roehlingen.de\/html\/wordpress\/?p=360"},"modified":"2013-11-19T19:20:42","modified_gmt":"2013-11-19T19:20:42","slug":"1965-kreisreitertag-in-rohlingen-40-jahriges-bestehen","status":"publish","type":"post","link":"https:\/\/www.reitverein-roehlingen.de\/html\/wordpress\/?p=360","title":{"rendered":"1965 Kreisreitertag in R\u00f6hlingen &#8211; 40 j\u00e4hriges Bestehen"},"content":{"rendered":"Mit neuem Schwung und Tatendrang geht\u2019s ins 41. Vereinsjahr. Gilt es doch, den 7. Kreisreitertag am 30. Mai anl\u00e4\u00dflich des 40-j\u00e4hrigen Vereinsbestehens zu organisieren. Alle waren gefragt, ob Jung oder Alt, es sollte ein Fest der Superlative sein. Und das war es auch! Trotz unsicherer Witterung finden sich erstaunlich viele Besucher auf dem Turnierplatz an der Sechta ein. Unter der Turnierleitung von Major a.D. Pochert, liegt der Wettkampf in bew\u00e4hrten H\u00e4nden. Doch bei allem Engagement der <a href=\"https:\/\/www.reitverein-roehlingen.de\/html\/wordpress\/?p=360\" class=\"more-link\"> [...]  Weiterlesen<\/a>","protected":false},"excerpt":{"rendered":"<p>Mit neuem Schwung und Tatendrang geht\u2019s ins 41. Vereinsjahr. Gilt es doch, den 7. Kreisreitertag am 30. Mai anl\u00e4\u00dflich des 40-j\u00e4hrigen Vereinsbestehens zu organisieren. Alle waren gefragt, ob Jung oder Alt, es sollte ein Fest der Superlative sein. Und das &hellip; <a href=\"https:\/\/www.reitverein-roehlingen.de\/html\/wordpress\/?p=360\">Weiterlesen <span class=\"meta-nav\">&rarr;<\/span><\/a><\/p>\n","protected":false},"author":2,"featured_media":0,"comment_status":"closed","ping_status":"closed","sticky":false,"template":"","format":"standard","meta":{"footnotes":""},"categories":[19,8],"tags":[],"class_list":["post-360","post","type-post","status-publish","format-standard","hentry","category-chronik","category-vereins-historie"],"_links":{"self":[{"href":"https:\/\/www.reitverein-roehlingen.de\/html\/wordpress\/index.php?rest_route=\/wp\/v2\/posts\/360","targetHints":{"allow":["GET"]}}],"collection":[{"href":"https:\/\/www.reitverein-roehlingen.de\/html\/wordpress\/index.php?rest_route=\/wp\/v2\/posts"}],"about":[{"href":"https:\/\/www.reitverein-roehlingen.de\/html\/wordpress\/index.php?rest_route=\/wp\/v2\/types\/post"}],"author":[{"embeddable":true,"href":"https:\/\/www.reitverein-roehlingen.de\/html\/wordpress\/index.php?rest_route=\/wp\/v2\/users\/2"}],"replies":[{"embeddable":true,"href":"https:\/\/www.reitverein-roehlingen.de\/html\/wordpress\/index.php?rest_route=%2Fwp%2Fv2%2Fcomments&post=360"}],"version-history":[{"count":8,"href":"https:\/\/www.reitverein-roehlingen.de\/html\/wordpress\/index.php?rest_route=\/wp\/v2\/posts\/360\/revisions"}],"predecessor-version":[{"id":5245,"href":"https:\/\/www.reitverein-roehlingen.de\/html\/wordpress\/index.php?rest_route=\/wp\/v2\/posts\/360\/revisions\/5245"}],"wp:attachment":[{"href":"https:\/\/www.reitverein-roehlingen.de\/html\/wordpress\/index.php?rest_route=%2Fwp%2Fv2%2Fmedia&parent=360"}],"wp:term":[{"taxonomy":"category","embeddable":true,"href":"https:\/\/www.reitverein-roehlingen.de\/html\/wordpress\/index.php?rest_route=%2Fwp%2Fv2%2Fcategories&post=360"},{"taxonomy":"post_tag","embeddable":true,"href":"https:\/\/www.reitverein-roehlingen.de\/html\/wordpress\/index.php?rest_route=%2Fwp%2Fv2%2Ftags&post=360"}],"curies":[{"name":"wp","href":"https:\/\/api.w.org\/{rel}","templated":true}]}}