{"id":364,"date":"1963-12-31T07:31:32","date_gmt":"1963-12-31T07:31:32","guid":{"rendered":"http:\/\/www.reitverein-roehlingen.de\/html\/wordpress\/?p=364"},"modified":"2012-07-09T09:19:32","modified_gmt":"2012-07-09T09:19:32","slug":"1963-nachwuchssorgen","status":"publish","type":"post","link":"https:\/\/www.reitverein-roehlingen.de\/html\/wordpress\/?p=364","title":{"rendered":"1963 Nachwuchssorgen"},"content":{"rendered":"Bei der am 10.03. stattfindenden Generalversammlung wird beschlossen, eine Jugendabteilung aufzustellen. Anwesender Gest\u00fctswart Dollinger von der Besch\u00e4lplatte Ellwangen begr\u00fc\u00dft den Beschlu\u00df und sichert Unterst\u00fctzung zu. Wie die Jahre zuvor, zeigt Herr Wei\u00df Filmmaterial \u00fcber Pferde und Reiter und greift die Sorge \u00fcber den Nachwuchs nochmals auf. Er versichert, da\u00df auch andere Reitvereine von der gleichen Sorge betroffen seien.\r\n\r\nDie neu gegr\u00fcndete Jugendabteilung kann bereits im Gr\u00fcndungsjahr <a href=\"https:\/\/www.reitverein-roehlingen.de\/html\/wordpress\/?p=364\" class=\"more-link\"> [...]  Weiterlesen<\/a>","protected":false},"excerpt":{"rendered":"<p>Bei der am 10.03. stattfindenden Generalversammlung wird beschlossen, eine Jugendabteilung aufzustellen. Anwesender Gest\u00fctswart Dollinger von der Besch\u00e4lplatte Ellwangen begr\u00fc\u00dft den Beschlu\u00df und sichert Unterst\u00fctzung zu. Wie die Jahre zuvor, zeigt Herr Wei\u00df Filmmaterial \u00fcber Pferde und Reiter und greift die &hellip; <a href=\"https:\/\/www.reitverein-roehlingen.de\/html\/wordpress\/?p=364\">Weiterlesen <span class=\"meta-nav\">&rarr;<\/span><\/a><\/p>\n","protected":false},"author":2,"featured_media":0,"comment_status":"closed","ping_status":"closed","sticky":false,"template":"","format":"standard","meta":{"footnotes":""},"categories":[19,8],"tags":[],"class_list":["post-364","post","type-post","status-publish","format-standard","hentry","category-chronik","category-vereins-historie"],"_links":{"self":[{"href":"https:\/\/www.reitverein-roehlingen.de\/html\/wordpress\/index.php?rest_route=\/wp\/v2\/posts\/364","targetHints":{"allow":["GET"]}}],"collection":[{"href":"https:\/\/www.reitverein-roehlingen.de\/html\/wordpress\/index.php?rest_route=\/wp\/v2\/posts"}],"about":[{"href":"https:\/\/www.reitverein-roehlingen.de\/html\/wordpress\/index.php?rest_route=\/wp\/v2\/types\/post"}],"author":[{"embeddable":true,"href":"https:\/\/www.reitverein-roehlingen.de\/html\/wordpress\/index.php?rest_route=\/wp\/v2\/users\/2"}],"replies":[{"embeddable":true,"href":"https:\/\/www.reitverein-roehlingen.de\/html\/wordpress\/index.php?rest_route=%2Fwp%2Fv2%2Fcomments&post=364"}],"version-history":[{"count":5,"href":"https:\/\/www.reitverein-roehlingen.de\/html\/wordpress\/index.php?rest_route=\/wp\/v2\/posts\/364\/revisions"}],"predecessor-version":[{"id":3444,"href":"https:\/\/www.reitverein-roehlingen.de\/html\/wordpress\/index.php?rest_route=\/wp\/v2\/posts\/364\/revisions\/3444"}],"wp:attachment":[{"href":"https:\/\/www.reitverein-roehlingen.de\/html\/wordpress\/index.php?rest_route=%2Fwp%2Fv2%2Fmedia&parent=364"}],"wp:term":[{"taxonomy":"category","embeddable":true,"href":"https:\/\/www.reitverein-roehlingen.de\/html\/wordpress\/index.php?rest_route=%2Fwp%2Fv2%2Fcategories&post=364"},{"taxonomy":"post_tag","embeddable":true,"href":"https:\/\/www.reitverein-roehlingen.de\/html\/wordpress\/index.php?rest_route=%2Fwp%2Fv2%2Ftags&post=364"}],"curies":[{"name":"wp","href":"https:\/\/api.w.org\/{rel}","templated":true}]}}