{"id":414,"date":"1939-12-31T08:54:34","date_gmt":"1939-12-31T08:54:34","guid":{"rendered":"http:\/\/www.reitverein-roehlingen.de\/html\/wordpress\/?p=414"},"modified":"2012-07-09T11:12:27","modified_gmt":"2012-07-09T11:12:27","slug":"1933-1939","status":"publish","type":"post","link":"https:\/\/www.reitverein-roehlingen.de\/html\/wordpress\/?p=414","title":{"rendered":"1933 \u2013 1939"},"content":{"rendered":"Die Zeit des Nationalsozialismus\r\n\r\nOb in diesen Jahren \u00fcber die Vereinsgeschehnisse keine Protokolle geschrieben wurden, oder ob diese vernichtet wurden ist nicht bekannt.\r\n\r\nGleichschaltung\r\n\r\nDer Verein mu\u00df sich im Rahmen der Gleichschaltung in die Organisationen des NS- Regimes eingliedern. Nur so\u00a0kann die Zeit des Nationalsozialismus \u00fcberstanden werden. Die Teilnahme an Paraden, Aufm\u00e4rschen und sonstigen politischen Veranstaltungen ist Pflicht. Nur wenn diese Pflicht erf\u00fcllt wird, kann <a href=\"https:\/\/www.reitverein-roehlingen.de\/html\/wordpress\/?p=414\" class=\"more-link\"> [...]  Weiterlesen<\/a>","protected":false},"excerpt":{"rendered":"<p>Die Zeit des Nationalsozialismus Ob in diesen Jahren \u00fcber die Vereinsgeschehnisse keine Protokolle geschrieben wurden, oder ob diese vernichtet wurden ist nicht bekannt. Gleichschaltung Der Verein mu\u00df sich im Rahmen der Gleichschaltung in die Organisationen des NS- Regimes eingliedern. Nur &hellip; <a href=\"https:\/\/www.reitverein-roehlingen.de\/html\/wordpress\/?p=414\">Weiterlesen <span class=\"meta-nav\">&rarr;<\/span><\/a><\/p>\n","protected":false},"author":2,"featured_media":0,"comment_status":"closed","ping_status":"closed","sticky":false,"template":"","format":"standard","meta":{"footnotes":""},"categories":[19,8],"tags":[],"class_list":["post-414","post","type-post","status-publish","format-standard","hentry","category-chronik","category-vereins-historie"],"_links":{"self":[{"href":"https:\/\/www.reitverein-roehlingen.de\/html\/wordpress\/index.php?rest_route=\/wp\/v2\/posts\/414","targetHints":{"allow":["GET"]}}],"collection":[{"href":"https:\/\/www.reitverein-roehlingen.de\/html\/wordpress\/index.php?rest_route=\/wp\/v2\/posts"}],"about":[{"href":"https:\/\/www.reitverein-roehlingen.de\/html\/wordpress\/index.php?rest_route=\/wp\/v2\/types\/post"}],"author":[{"embeddable":true,"href":"https:\/\/www.reitverein-roehlingen.de\/html\/wordpress\/index.php?rest_route=\/wp\/v2\/users\/2"}],"replies":[{"embeddable":true,"href":"https:\/\/www.reitverein-roehlingen.de\/html\/wordpress\/index.php?rest_route=%2Fwp%2Fv2%2Fcomments&post=414"}],"version-history":[{"count":8,"href":"https:\/\/www.reitverein-roehlingen.de\/html\/wordpress\/index.php?rest_route=\/wp\/v2\/posts\/414\/revisions"}],"predecessor-version":[{"id":2050,"href":"https:\/\/www.reitverein-roehlingen.de\/html\/wordpress\/index.php?rest_route=\/wp\/v2\/posts\/414\/revisions\/2050"}],"wp:attachment":[{"href":"https:\/\/www.reitverein-roehlingen.de\/html\/wordpress\/index.php?rest_route=%2Fwp%2Fv2%2Fmedia&parent=414"}],"wp:term":[{"taxonomy":"category","embeddable":true,"href":"https:\/\/www.reitverein-roehlingen.de\/html\/wordpress\/index.php?rest_route=%2Fwp%2Fv2%2Fcategories&post=414"},{"taxonomy":"post_tag","embeddable":true,"href":"https:\/\/www.reitverein-roehlingen.de\/html\/wordpress\/index.php?rest_route=%2Fwp%2Fv2%2Ftags&post=414"}],"curies":[{"name":"wp","href":"https:\/\/api.w.org\/{rel}","templated":true}]}}