{"id":416,"date":"1933-12-31T08:57:18","date_gmt":"1933-12-31T08:57:18","guid":{"rendered":"http:\/\/www.reitverein-roehlingen.de\/html\/wordpress\/?p=416"},"modified":"2012-07-09T11:17:40","modified_gmt":"2012-07-09T11:17:40","slug":"1933-2","status":"publish","type":"post","link":"https:\/\/www.reitverein-roehlingen.de\/html\/wordpress\/?p=416","title":{"rendered":"1933"},"content":{"rendered":"Die Aufzeichnungen \u00fcber die Ereignisse im Jahre 1933 sind nur bis zum Beginn der nationalsozialistischen Regierungszeit vorhanden.\r\n\r\nErstes Ehrenmitglied\r\n\r\nBei der Generalversammlung wird die bestehende Vorstandschaft einstimmig wiedergew\u00e4hlt. Der mehrj\u00e4hrige Reitlehrer Justizsekret\u00e4r K\u00fchnast wird zum ersten Ehrenmitglied des Vereins ernannt. F\u00fcr Vorstand Halt soll beim Landesverband eine Ehrengabe erbeten werden. Diese soll Halt \u201ef\u00fcr seine viele M\u00fchen um den Verein\u201c erhalten.\r\n\r\nK\u00f6nig <a href=\"https:\/\/www.reitverein-roehlingen.de\/html\/wordpress\/?p=416\" class=\"more-link\"> [...]  Weiterlesen<\/a>","protected":false},"excerpt":{"rendered":"<p>Die Aufzeichnungen \u00fcber die Ereignisse im Jahre 1933 sind nur bis zum Beginn der nationalsozialistischen Regierungszeit vorhanden. Erstes Ehrenmitglied Bei der Generalversammlung wird die bestehende Vorstandschaft einstimmig wiedergew\u00e4hlt. Der mehrj\u00e4hrige Reitlehrer Justizsekret\u00e4r K\u00fchnast wird zum ersten Ehrenmitglied des Vereins ernannt. &hellip; <a href=\"https:\/\/www.reitverein-roehlingen.de\/html\/wordpress\/?p=416\">Weiterlesen <span class=\"meta-nav\">&rarr;<\/span><\/a><\/p>\n","protected":false},"author":2,"featured_media":0,"comment_status":"closed","ping_status":"closed","sticky":false,"template":"","format":"standard","meta":{"footnotes":""},"categories":[19,8],"tags":[],"class_list":["post-416","post","type-post","status-publish","format-standard","hentry","category-chronik","category-vereins-historie"],"_links":{"self":[{"href":"https:\/\/www.reitverein-roehlingen.de\/html\/wordpress\/index.php?rest_route=\/wp\/v2\/posts\/416","targetHints":{"allow":["GET"]}}],"collection":[{"href":"https:\/\/www.reitverein-roehlingen.de\/html\/wordpress\/index.php?rest_route=\/wp\/v2\/posts"}],"about":[{"href":"https:\/\/www.reitverein-roehlingen.de\/html\/wordpress\/index.php?rest_route=\/wp\/v2\/types\/post"}],"author":[{"embeddable":true,"href":"https:\/\/www.reitverein-roehlingen.de\/html\/wordpress\/index.php?rest_route=\/wp\/v2\/users\/2"}],"replies":[{"embeddable":true,"href":"https:\/\/www.reitverein-roehlingen.de\/html\/wordpress\/index.php?rest_route=%2Fwp%2Fv2%2Fcomments&post=416"}],"version-history":[{"count":7,"href":"https:\/\/www.reitverein-roehlingen.de\/html\/wordpress\/index.php?rest_route=\/wp\/v2\/posts\/416\/revisions"}],"predecessor-version":[{"id":2054,"href":"https:\/\/www.reitverein-roehlingen.de\/html\/wordpress\/index.php?rest_route=\/wp\/v2\/posts\/416\/revisions\/2054"}],"wp:attachment":[{"href":"https:\/\/www.reitverein-roehlingen.de\/html\/wordpress\/index.php?rest_route=%2Fwp%2Fv2%2Fmedia&parent=416"}],"wp:term":[{"taxonomy":"category","embeddable":true,"href":"https:\/\/www.reitverein-roehlingen.de\/html\/wordpress\/index.php?rest_route=%2Fwp%2Fv2%2Fcategories&post=416"},{"taxonomy":"post_tag","embeddable":true,"href":"https:\/\/www.reitverein-roehlingen.de\/html\/wordpress\/index.php?rest_route=%2Fwp%2Fv2%2Ftags&post=416"}],"curies":[{"name":"wp","href":"https:\/\/api.w.org\/{rel}","templated":true}]}}