{"id":440,"date":"2012-04-22T09:26:26","date_gmt":"2012-04-22T09:26:26","guid":{"rendered":"http:\/\/www.reitverein-roehlingen.de\/html\/wordpress\/?p=440"},"modified":"2013-01-31T19:42:25","modified_gmt":"2013-01-31T19:42:25","slug":"abzeichenprufung-eroffnet-die-volti-saison","status":"publish","type":"post","link":"https:\/\/www.reitverein-roehlingen.de\/html\/wordpress\/?p=440","title":{"rendered":"Abzeichenpr\u00fcfung er\u00f6ffnet die Volti Saison"},"content":{"rendered":"Traditionsgem\u00e4\u00df startete auch in diesem Jahr die Saison mit der Abzeichenpr\u00fcfung in Schw\u00e4bisch Gm\u00fcnd. Auch drei Voltigierer der R\u00f6hlinger Turniergruppe hatten sich dazu angemeldet und traten am 15.April mit Voltigiernachwuchspferd Loui die Reise an. Selina Preker machte den Anfang mit dem Basispass Pferdekunde, eine Grundvoraussetzung bevor ein anderes Abzeichen in Angriff genommen werden darf. Beim Voltigieren hatte sie dann leider etwas Pech. Sie turnte einen Abgang in die falsche Richtung <a href=\"https:\/\/www.reitverein-roehlingen.de\/html\/wordpress\/?p=440\" class=\"more-link\"> [...]  Weiterlesen<\/a>","protected":false},"excerpt":{"rendered":"<p>Traditionsgem\u00e4\u00df startete auch in diesem Jahr die Saison mit der Abzeichenpr\u00fcfung in Schw\u00e4bisch Gm\u00fcnd. Auch drei Voltigierer der R\u00f6hlinger Turniergruppe hatten sich dazu angemeldet und traten am 15.April mit Voltigiernachwuchspferd Loui die Reise an. Selina Preker machte den Anfang mit &hellip; <a href=\"https:\/\/www.reitverein-roehlingen.de\/html\/wordpress\/?p=440\">Weiterlesen <span class=\"meta-nav\">&rarr;<\/span><\/a><\/p>\n","protected":false},"author":2,"featured_media":0,"comment_status":"closed","ping_status":"closed","sticky":false,"template":"","format":"standard","meta":{"footnotes":""},"categories":[8,27],"tags":[],"class_list":["post-440","post","type-post","status-publish","format-standard","hentry","category-vereins-historie","category-voltigieren"],"_links":{"self":[{"href":"https:\/\/www.reitverein-roehlingen.de\/html\/wordpress\/index.php?rest_route=\/wp\/v2\/posts\/440","targetHints":{"allow":["GET"]}}],"collection":[{"href":"https:\/\/www.reitverein-roehlingen.de\/html\/wordpress\/index.php?rest_route=\/wp\/v2\/posts"}],"about":[{"href":"https:\/\/www.reitverein-roehlingen.de\/html\/wordpress\/index.php?rest_route=\/wp\/v2\/types\/post"}],"author":[{"embeddable":true,"href":"https:\/\/www.reitverein-roehlingen.de\/html\/wordpress\/index.php?rest_route=\/wp\/v2\/users\/2"}],"replies":[{"embeddable":true,"href":"https:\/\/www.reitverein-roehlingen.de\/html\/wordpress\/index.php?rest_route=%2Fwp%2Fv2%2Fcomments&post=440"}],"version-history":[{"count":4,"href":"https:\/\/www.reitverein-roehlingen.de\/html\/wordpress\/index.php?rest_route=\/wp\/v2\/posts\/440\/revisions"}],"predecessor-version":[{"id":3640,"href":"https:\/\/www.reitverein-roehlingen.de\/html\/wordpress\/index.php?rest_route=\/wp\/v2\/posts\/440\/revisions\/3640"}],"wp:attachment":[{"href":"https:\/\/www.reitverein-roehlingen.de\/html\/wordpress\/index.php?rest_route=%2Fwp%2Fv2%2Fmedia&parent=440"}],"wp:term":[{"taxonomy":"category","embeddable":true,"href":"https:\/\/www.reitverein-roehlingen.de\/html\/wordpress\/index.php?rest_route=%2Fwp%2Fv2%2Fcategories&post=440"},{"taxonomy":"post_tag","embeddable":true,"href":"https:\/\/www.reitverein-roehlingen.de\/html\/wordpress\/index.php?rest_route=%2Fwp%2Fv2%2Ftags&post=440"}],"curies":[{"name":"wp","href":"https:\/\/api.w.org\/{rel}","templated":true}]}}