{"id":442,"date":"2011-11-16T09:27:51","date_gmt":"2011-11-16T09:27:51","guid":{"rendered":"http:\/\/www.reitverein-roehlingen.de\/html\/wordpress\/?p=442"},"modified":"2012-07-08T12:40:48","modified_gmt":"2012-07-08T12:40:48","slug":"abzeichenprufung-in-ulm-wiblingen","status":"publish","type":"post","link":"https:\/\/www.reitverein-roehlingen.de\/html\/wordpress\/?p=442","title":{"rendered":"Abzeichenpr\u00fcfung in Ulm-Wiblingen"},"content":{"rendered":"Am ersten Novemberwochenende fanden in Ulm-Wiblingen erneut Pr\u00fcfungen f\u00fcr verschiedene Voltigierabzeichen statt. Da die Vorbereitungsphase nicht optimal war, Trainerin Anja Zappe war nach kurzer Babypause erst wieder wenige Wochen im Einsatz, Routinier Michel f\u00e4llt wegen Verletzung weiterhin aus und Ersatzpferd Loui konnte mangels eines passenden Gurtes nur bedingt im Training eingesetzt werden, entschied man sich, nur die sicheren Kandidaten Hannah Welker und Caroline Wackler zur Pr\u00fcfung des <a href=\"https:\/\/www.reitverein-roehlingen.de\/html\/wordpress\/?p=442\" class=\"more-link\"> [...]  Weiterlesen<\/a>","protected":false},"excerpt":{"rendered":"<p>Am ersten Novemberwochenende fanden in Ulm-Wiblingen erneut Pr\u00fcfungen f\u00fcr verschiedene Voltigierabzeichen statt. Da die Vorbereitungsphase nicht optimal war, Trainerin Anja Zappe war nach kurzer Babypause erst wieder wenige Wochen im Einsatz, Routinier Michel f\u00e4llt wegen Verletzung weiterhin aus und Ersatzpferd &hellip; <a href=\"https:\/\/www.reitverein-roehlingen.de\/html\/wordpress\/?p=442\">Weiterlesen <span class=\"meta-nav\">&rarr;<\/span><\/a><\/p>\n","protected":false},"author":2,"featured_media":0,"comment_status":"closed","ping_status":"closed","sticky":false,"template":"","format":"standard","meta":{"footnotes":""},"categories":[19,8,27],"tags":[],"class_list":["post-442","post","type-post","status-publish","format-standard","hentry","category-chronik","category-vereins-historie","category-voltigieren"],"_links":{"self":[{"href":"https:\/\/www.reitverein-roehlingen.de\/html\/wordpress\/index.php?rest_route=\/wp\/v2\/posts\/442","targetHints":{"allow":["GET"]}}],"collection":[{"href":"https:\/\/www.reitverein-roehlingen.de\/html\/wordpress\/index.php?rest_route=\/wp\/v2\/posts"}],"about":[{"href":"https:\/\/www.reitverein-roehlingen.de\/html\/wordpress\/index.php?rest_route=\/wp\/v2\/types\/post"}],"author":[{"embeddable":true,"href":"https:\/\/www.reitverein-roehlingen.de\/html\/wordpress\/index.php?rest_route=\/wp\/v2\/users\/2"}],"replies":[{"embeddable":true,"href":"https:\/\/www.reitverein-roehlingen.de\/html\/wordpress\/index.php?rest_route=%2Fwp%2Fv2%2Fcomments&post=442"}],"version-history":[{"count":3,"href":"https:\/\/www.reitverein-roehlingen.de\/html\/wordpress\/index.php?rest_route=\/wp\/v2\/posts\/442\/revisions"}],"predecessor-version":[{"id":3636,"href":"https:\/\/www.reitverein-roehlingen.de\/html\/wordpress\/index.php?rest_route=\/wp\/v2\/posts\/442\/revisions\/3636"}],"wp:attachment":[{"href":"https:\/\/www.reitverein-roehlingen.de\/html\/wordpress\/index.php?rest_route=%2Fwp%2Fv2%2Fmedia&parent=442"}],"wp:term":[{"taxonomy":"category","embeddable":true,"href":"https:\/\/www.reitverein-roehlingen.de\/html\/wordpress\/index.php?rest_route=%2Fwp%2Fv2%2Fcategories&post=442"},{"taxonomy":"post_tag","embeddable":true,"href":"https:\/\/www.reitverein-roehlingen.de\/html\/wordpress\/index.php?rest_route=%2Fwp%2Fv2%2Ftags&post=442"}],"curies":[{"name":"wp","href":"https:\/\/api.w.org\/{rel}","templated":true}]}}