{"id":448,"date":"2005-09-16T11:36:20","date_gmt":"2005-09-16T11:36:20","guid":{"rendered":"http:\/\/www.reitverein-roehlingen.de\/html\/wordpress\/?p=448"},"modified":"2014-08-12T15:30:22","modified_gmt":"2014-08-12T15:30:22","slug":"ferienprogramm-im-reitverein","status":"publish","type":"post","link":"https:\/\/www.reitverein-roehlingen.de\/html\/wordpress\/?p=448","title":{"rendered":"Ferienprogramm im Reitverein"},"content":{"rendered":"Der Reit- und Fahrverein R\u00f6hlingen e.V. hielt dieses Jahr ein mehrt\u00e4giges Ferienprogramm f\u00fcr seine jungen Reiter ab. An verschiedenen Tagen \u00fcber den ganzen August verteilt gab es f\u00fcr die Jugendlichen viel zu lernen. An jedem Aktionstag war anfangs immer erst Theorieunterricht, danach wurden viele andere Aktionen gestartet.\r\n\r\nIm Theorieunterricht , der von Cornelia Wengert geleitet wurde, lernten die Kinder unter anderem allgemeine Pferdekunde, Pferdepflege, die auch am Pferd ge\u00fcbt wurde, das <a href=\"https:\/\/www.reitverein-roehlingen.de\/html\/wordpress\/?p=448\" class=\"more-link\"> [...]  Weiterlesen<\/a>","protected":false},"excerpt":{"rendered":"<p>Der Reit- und Fahrverein R\u00f6hlingen e.V. hielt dieses Jahr ein mehrt\u00e4giges Ferienprogramm f\u00fcr seine jungen Reiter ab. An verschiedenen Tagen \u00fcber den ganzen August verteilt gab es f\u00fcr die Jugendlichen viel zu lernen. An jedem Aktionstag war anfangs immer erst &hellip; <a href=\"https:\/\/www.reitverein-roehlingen.de\/html\/wordpress\/?p=448\">Weiterlesen <span class=\"meta-nav\">&rarr;<\/span><\/a><\/p>\n","protected":false},"author":2,"featured_media":0,"comment_status":"closed","ping_status":"closed","sticky":false,"template":"","format":"standard","meta":{"footnotes":""},"categories":[19,35,8],"tags":[],"class_list":["post-448","post","type-post","status-publish","format-standard","hentry","category-chronik","category-jugend","category-vereins-historie"],"_links":{"self":[{"href":"https:\/\/www.reitverein-roehlingen.de\/html\/wordpress\/index.php?rest_route=\/wp\/v2\/posts\/448","targetHints":{"allow":["GET"]}}],"collection":[{"href":"https:\/\/www.reitverein-roehlingen.de\/html\/wordpress\/index.php?rest_route=\/wp\/v2\/posts"}],"about":[{"href":"https:\/\/www.reitverein-roehlingen.de\/html\/wordpress\/index.php?rest_route=\/wp\/v2\/types\/post"}],"author":[{"embeddable":true,"href":"https:\/\/www.reitverein-roehlingen.de\/html\/wordpress\/index.php?rest_route=\/wp\/v2\/users\/2"}],"replies":[{"embeddable":true,"href":"https:\/\/www.reitverein-roehlingen.de\/html\/wordpress\/index.php?rest_route=%2Fwp%2Fv2%2Fcomments&post=448"}],"version-history":[{"count":7,"href":"https:\/\/www.reitverein-roehlingen.de\/html\/wordpress\/index.php?rest_route=\/wp\/v2\/posts\/448\/revisions"}],"predecessor-version":[{"id":6647,"href":"https:\/\/www.reitverein-roehlingen.de\/html\/wordpress\/index.php?rest_route=\/wp\/v2\/posts\/448\/revisions\/6647"}],"wp:attachment":[{"href":"https:\/\/www.reitverein-roehlingen.de\/html\/wordpress\/index.php?rest_route=%2Fwp%2Fv2%2Fmedia&parent=448"}],"wp:term":[{"taxonomy":"category","embeddable":true,"href":"https:\/\/www.reitverein-roehlingen.de\/html\/wordpress\/index.php?rest_route=%2Fwp%2Fv2%2Fcategories&post=448"},{"taxonomy":"post_tag","embeddable":true,"href":"https:\/\/www.reitverein-roehlingen.de\/html\/wordpress\/index.php?rest_route=%2Fwp%2Fv2%2Ftags&post=448"}],"curies":[{"name":"wp","href":"https:\/\/api.w.org\/{rel}","templated":true}]}}