{"id":464,"date":"2001-06-17T12:07:02","date_gmt":"2001-06-17T12:07:02","guid":{"rendered":"http:\/\/www.reitverein-roehlingen.de\/html\/wordpress\/?p=464"},"modified":"2012-07-26T18:47:55","modified_gmt":"2012-07-26T18:47:55","slug":"umzug-zum-100-jahrigen-der-st-peter-und-paul-kirche","status":"publish","type":"post","link":"https:\/\/www.reitverein-roehlingen.de\/html\/wordpress\/?p=464","title":{"rendered":"Umzug zum 100-j\u00e4hrigen der St. Peter und Paul Kirche"},"content":{"rendered":"Sieben Reiter und zwei Gespanne des RFV waren der Einladung des Kirchengemeinderats gefolgt und begleiteten den Festzug.\r\nAngef\u00fchrt vom Musikverein ging es von der Kirche \u00fcber die Hauptstrasse zur Sechtahalle. Die Ehreng\u00e4ste und Gemeindevertreter hatten in den Kutschen von Gebhard B\u00fchler und Josef D\u00f6rrer Platz gefunden. Wobei unser Josef den K\u00fcrzereren zog, da der Weihbischof Renz\u00a0lieber in den Landauer von Gebhard stieg.\r\nSo konnte Josef seine Bilder vom Ellenberger Umzug (da hat er den Weihbischof <a href=\"https:\/\/www.reitverein-roehlingen.de\/html\/wordpress\/?p=464\" class=\"more-link\"> [...]  Weiterlesen<\/a>","protected":false},"excerpt":{"rendered":"<p>Sieben Reiter und zwei Gespanne des RFV waren der Einladung des Kirchengemeinderats gefolgt und begleiteten den Festzug. Angef\u00fchrt vom Musikverein ging es von der Kirche \u00fcber die Hauptstrasse zur Sechtahalle. Die Ehreng\u00e4ste und Gemeindevertreter hatten in den Kutschen von Gebhard &hellip; <a href=\"https:\/\/www.reitverein-roehlingen.de\/html\/wordpress\/?p=464\">Weiterlesen <span class=\"meta-nav\">&rarr;<\/span><\/a><\/p>\n","protected":false},"author":2,"featured_media":0,"comment_status":"closed","ping_status":"closed","sticky":false,"template":"","format":"standard","meta":{"footnotes":""},"categories":[19,8],"tags":[],"class_list":["post-464","post","type-post","status-publish","format-standard","hentry","category-chronik","category-vereins-historie"],"_links":{"self":[{"href":"https:\/\/www.reitverein-roehlingen.de\/html\/wordpress\/index.php?rest_route=\/wp\/v2\/posts\/464","targetHints":{"allow":["GET"]}}],"collection":[{"href":"https:\/\/www.reitverein-roehlingen.de\/html\/wordpress\/index.php?rest_route=\/wp\/v2\/posts"}],"about":[{"href":"https:\/\/www.reitverein-roehlingen.de\/html\/wordpress\/index.php?rest_route=\/wp\/v2\/types\/post"}],"author":[{"embeddable":true,"href":"https:\/\/www.reitverein-roehlingen.de\/html\/wordpress\/index.php?rest_route=\/wp\/v2\/users\/2"}],"replies":[{"embeddable":true,"href":"https:\/\/www.reitverein-roehlingen.de\/html\/wordpress\/index.php?rest_route=%2Fwp%2Fv2%2Fcomments&post=464"}],"version-history":[{"count":3,"href":"https:\/\/www.reitverein-roehlingen.de\/html\/wordpress\/index.php?rest_route=\/wp\/v2\/posts\/464\/revisions"}],"predecessor-version":[{"id":466,"href":"https:\/\/www.reitverein-roehlingen.de\/html\/wordpress\/index.php?rest_route=\/wp\/v2\/posts\/464\/revisions\/466"}],"wp:attachment":[{"href":"https:\/\/www.reitverein-roehlingen.de\/html\/wordpress\/index.php?rest_route=%2Fwp%2Fv2%2Fmedia&parent=464"}],"wp:term":[{"taxonomy":"category","embeddable":true,"href":"https:\/\/www.reitverein-roehlingen.de\/html\/wordpress\/index.php?rest_route=%2Fwp%2Fv2%2Fcategories&post=464"},{"taxonomy":"post_tag","embeddable":true,"href":"https:\/\/www.reitverein-roehlingen.de\/html\/wordpress\/index.php?rest_route=%2Fwp%2Fv2%2Ftags&post=464"}],"curies":[{"name":"wp","href":"https:\/\/api.w.org\/{rel}","templated":true}]}}