{"id":467,"date":"2001-11-12T12:15:15","date_gmt":"2001-11-12T12:15:15","guid":{"rendered":"http:\/\/www.reitverein-roehlingen.de\/html\/wordpress\/?p=467"},"modified":"2012-07-26T18:49:44","modified_gmt":"2012-07-26T18:49:44","slug":"kiga-feiert-st-martin-in-der-reithalle","status":"publish","type":"post","link":"https:\/\/www.reitverein-roehlingen.de\/html\/wordpress\/?p=467","title":{"rendered":"Kiga feiert St. Martin in der Reithalle"},"content":{"rendered":"Der R\u00f6hlinger Kindergarten gestaltete seinen diesj\u00e4hrigen Martini in der Reithalle des RFV.\r\nLos ging es mit einem kleinen Laternenumzug zur Reithalle.\r\nDort begr\u00fc\u00dfte Frau Eisele die zahlreich erschienenen Eltern und Kinder.\r\nDie Geschichte von der Mantelteilung wurde von zwei RFVlern hervorragend dargebracht.\u00a0Thomas Hafner \u00fcbernahm die Rolle des Bettlers und Peter M\u00fcller spielte den heiligen Bischof Martin mit seinem Pferd Wotan .\r\nMit Liedern und T\u00e4nzen sorgten die Kinder noch f\u00fcr Unterhaltung <a href=\"https:\/\/www.reitverein-roehlingen.de\/html\/wordpress\/?p=467\" class=\"more-link\"> [...]  Weiterlesen<\/a>","protected":false},"excerpt":{"rendered":"<p>Der R\u00f6hlinger Kindergarten gestaltete seinen diesj\u00e4hrigen Martini in der Reithalle des RFV. Los ging es mit einem kleinen Laternenumzug zur Reithalle. Dort begr\u00fc\u00dfte Frau Eisele die zahlreich erschienenen Eltern und Kinder. Die Geschichte von der Mantelteilung wurde von zwei RFVlern &hellip; <a href=\"https:\/\/www.reitverein-roehlingen.de\/html\/wordpress\/?p=467\">Weiterlesen <span class=\"meta-nav\">&rarr;<\/span><\/a><\/p>\n","protected":false},"author":2,"featured_media":0,"comment_status":"closed","ping_status":"closed","sticky":false,"template":"","format":"standard","meta":{"footnotes":""},"categories":[19,8],"tags":[],"class_list":["post-467","post","type-post","status-publish","format-standard","hentry","category-chronik","category-vereins-historie"],"_links":{"self":[{"href":"https:\/\/www.reitverein-roehlingen.de\/html\/wordpress\/index.php?rest_route=\/wp\/v2\/posts\/467","targetHints":{"allow":["GET"]}}],"collection":[{"href":"https:\/\/www.reitverein-roehlingen.de\/html\/wordpress\/index.php?rest_route=\/wp\/v2\/posts"}],"about":[{"href":"https:\/\/www.reitverein-roehlingen.de\/html\/wordpress\/index.php?rest_route=\/wp\/v2\/types\/post"}],"author":[{"embeddable":true,"href":"https:\/\/www.reitverein-roehlingen.de\/html\/wordpress\/index.php?rest_route=\/wp\/v2\/users\/2"}],"replies":[{"embeddable":true,"href":"https:\/\/www.reitverein-roehlingen.de\/html\/wordpress\/index.php?rest_route=%2Fwp%2Fv2%2Fcomments&post=467"}],"version-history":[{"count":2,"href":"https:\/\/www.reitverein-roehlingen.de\/html\/wordpress\/index.php?rest_route=\/wp\/v2\/posts\/467\/revisions"}],"predecessor-version":[{"id":2114,"href":"https:\/\/www.reitverein-roehlingen.de\/html\/wordpress\/index.php?rest_route=\/wp\/v2\/posts\/467\/revisions\/2114"}],"wp:attachment":[{"href":"https:\/\/www.reitverein-roehlingen.de\/html\/wordpress\/index.php?rest_route=%2Fwp%2Fv2%2Fmedia&parent=467"}],"wp:term":[{"taxonomy":"category","embeddable":true,"href":"https:\/\/www.reitverein-roehlingen.de\/html\/wordpress\/index.php?rest_route=%2Fwp%2Fv2%2Fcategories&post=467"},{"taxonomy":"post_tag","embeddable":true,"href":"https:\/\/www.reitverein-roehlingen.de\/html\/wordpress\/index.php?rest_route=%2Fwp%2Fv2%2Ftags&post=467"}],"curies":[{"name":"wp","href":"https:\/\/api.w.org\/{rel}","templated":true}]}}