{"id":473,"date":"2001-12-31T12:19:33","date_gmt":"2001-12-31T12:19:33","guid":{"rendered":"http:\/\/www.reitverein-roehlingen.de\/html\/wordpress\/?p=473"},"modified":"2012-07-26T18:57:14","modified_gmt":"2012-07-26T18:57:14","slug":"375-jahre-silvesterritt-westhausen","status":"publish","type":"post","link":"https:\/\/www.reitverein-roehlingen.de\/html\/wordpress\/?p=473","title":{"rendered":"375 Jahre Silvesterritt Westhausen"},"content":{"rendered":"Mit neun Reitern war der RFV R\u00f6hlingen beim Jubil\u00e4umsritt in Westhausen vertreten.\r\nJosef Uhl, Ute Ladenburger und Melanie Ofsianka nahmen trotz klirrender K\u00e4lte den Kampf auf sich und ritten nach Westhausen. Der Rest kam mit dem H\u00e4nger.\r\nWerner und Gerd Wiedenh\u00f6fer brachten eine Gastreiterin aus H\u00fcttlingen mit und Annette Uhl, Helmut Hohnheiser und Manuel B\u00fchler vervollst\u00e4ndigten das Bild.\r\nDem traditionellen Gang ins Gasthaus\u00a0\"Sonne\" folgten die \"Nicht-Heimreiter\". Dort traf man auf Robert <a href=\"https:\/\/www.reitverein-roehlingen.de\/html\/wordpress\/?p=473\" class=\"more-link\"> [...]  Weiterlesen<\/a>","protected":false},"excerpt":{"rendered":"<p>Mit neun Reitern war der RFV R\u00f6hlingen beim Jubil\u00e4umsritt in Westhausen vertreten. Josef Uhl, Ute Ladenburger und Melanie Ofsianka nahmen trotz klirrender K\u00e4lte den Kampf auf sich und ritten nach Westhausen. Der Rest kam mit dem H\u00e4nger. Werner und Gerd &hellip; <a href=\"https:\/\/www.reitverein-roehlingen.de\/html\/wordpress\/?p=473\">Weiterlesen <span class=\"meta-nav\">&rarr;<\/span><\/a><\/p>\n","protected":false},"author":2,"featured_media":0,"comment_status":"closed","ping_status":"closed","sticky":false,"template":"","format":"standard","meta":{"footnotes":""},"categories":[19,8],"tags":[],"class_list":["post-473","post","type-post","status-publish","format-standard","hentry","category-chronik","category-vereins-historie"],"_links":{"self":[{"href":"https:\/\/www.reitverein-roehlingen.de\/html\/wordpress\/index.php?rest_route=\/wp\/v2\/posts\/473","targetHints":{"allow":["GET"]}}],"collection":[{"href":"https:\/\/www.reitverein-roehlingen.de\/html\/wordpress\/index.php?rest_route=\/wp\/v2\/posts"}],"about":[{"href":"https:\/\/www.reitverein-roehlingen.de\/html\/wordpress\/index.php?rest_route=\/wp\/v2\/types\/post"}],"author":[{"embeddable":true,"href":"https:\/\/www.reitverein-roehlingen.de\/html\/wordpress\/index.php?rest_route=\/wp\/v2\/users\/2"}],"replies":[{"embeddable":true,"href":"https:\/\/www.reitverein-roehlingen.de\/html\/wordpress\/index.php?rest_route=%2Fwp%2Fv2%2Fcomments&post=473"}],"version-history":[{"count":3,"href":"https:\/\/www.reitverein-roehlingen.de\/html\/wordpress\/index.php?rest_route=\/wp\/v2\/posts\/473\/revisions"}],"predecessor-version":[{"id":2126,"href":"https:\/\/www.reitverein-roehlingen.de\/html\/wordpress\/index.php?rest_route=\/wp\/v2\/posts\/473\/revisions\/2126"}],"wp:attachment":[{"href":"https:\/\/www.reitverein-roehlingen.de\/html\/wordpress\/index.php?rest_route=%2Fwp%2Fv2%2Fmedia&parent=473"}],"wp:term":[{"taxonomy":"category","embeddable":true,"href":"https:\/\/www.reitverein-roehlingen.de\/html\/wordpress\/index.php?rest_route=%2Fwp%2Fv2%2Fcategories&post=473"},{"taxonomy":"post_tag","embeddable":true,"href":"https:\/\/www.reitverein-roehlingen.de\/html\/wordpress\/index.php?rest_route=%2Fwp%2Fv2%2Ftags&post=473"}],"curies":[{"name":"wp","href":"https:\/\/api.w.org\/{rel}","templated":true}]}}