{"id":475,"date":"2002-01-07T12:22:45","date_gmt":"2002-01-07T12:22:45","guid":{"rendered":"http:\/\/www.reitverein-roehlingen.de\/html\/wordpress\/?p=475"},"modified":"2012-07-26T19:09:03","modified_gmt":"2012-07-26T19:09:03","slug":"umzug-zum-kalten-markt-in-ellwangen","status":"publish","type":"post","link":"https:\/\/www.reitverein-roehlingen.de\/html\/wordpress\/?p=475","title":{"rendered":"Umzug zum Kalten Markt in Ellwangen"},"content":{"rendered":"Viel Trubel war auf dem Sammelplatz der RFV-Reiter w\u00e4hrend der Aufstellung. Von den 39 Reitern war ein grosser Teil zu Pferd gekommen. Der Rest mu\u00dfte erst einen Parkplatz zum ausladen finden.\r\nGemeinsam wurde dann gesattelt, aufgetrenst, die Kandare aufgelegt, Stiefel nachgeputzt, Sch\u00e4rpen angelegt und Standarten vorbereitet. Pia M\u00fcller versorgte alle mit einer Nelke ans Gew\u00e4hr.\r\nMichael Sch\u00f6n k\u00fcmmerte sich im Hintergrund um weitere Aufgaben und hatte auch noch Zeit Bilder zu knipsen.\r\nViele <a href=\"https:\/\/www.reitverein-roehlingen.de\/html\/wordpress\/?p=475\" class=\"more-link\"> [...]  Weiterlesen<\/a>","protected":false},"excerpt":{"rendered":"<p>Viel Trubel war auf dem Sammelplatz der RFV-Reiter w\u00e4hrend der Aufstellung. Von den 39 Reitern war ein grosser Teil zu Pferd gekommen. Der Rest mu\u00dfte erst einen Parkplatz zum ausladen finden. Gemeinsam wurde dann gesattelt, aufgetrenst, die Kandare aufgelegt, Stiefel &hellip; <a href=\"https:\/\/www.reitverein-roehlingen.de\/html\/wordpress\/?p=475\">Weiterlesen <span class=\"meta-nav\">&rarr;<\/span><\/a><\/p>\n","protected":false},"author":2,"featured_media":0,"comment_status":"closed","ping_status":"closed","sticky":false,"template":"","format":"standard","meta":{"footnotes":""},"categories":[19,8],"tags":[],"class_list":["post-475","post","type-post","status-publish","format-standard","hentry","category-chronik","category-vereins-historie"],"_links":{"self":[{"href":"https:\/\/www.reitverein-roehlingen.de\/html\/wordpress\/index.php?rest_route=\/wp\/v2\/posts\/475","targetHints":{"allow":["GET"]}}],"collection":[{"href":"https:\/\/www.reitverein-roehlingen.de\/html\/wordpress\/index.php?rest_route=\/wp\/v2\/posts"}],"about":[{"href":"https:\/\/www.reitverein-roehlingen.de\/html\/wordpress\/index.php?rest_route=\/wp\/v2\/types\/post"}],"author":[{"embeddable":true,"href":"https:\/\/www.reitverein-roehlingen.de\/html\/wordpress\/index.php?rest_route=\/wp\/v2\/users\/2"}],"replies":[{"embeddable":true,"href":"https:\/\/www.reitverein-roehlingen.de\/html\/wordpress\/index.php?rest_route=%2Fwp%2Fv2%2Fcomments&post=475"}],"version-history":[{"count":5,"href":"https:\/\/www.reitverein-roehlingen.de\/html\/wordpress\/index.php?rest_route=\/wp\/v2\/posts\/475\/revisions"}],"predecessor-version":[{"id":477,"href":"https:\/\/www.reitverein-roehlingen.de\/html\/wordpress\/index.php?rest_route=\/wp\/v2\/posts\/475\/revisions\/477"}],"wp:attachment":[{"href":"https:\/\/www.reitverein-roehlingen.de\/html\/wordpress\/index.php?rest_route=%2Fwp%2Fv2%2Fmedia&parent=475"}],"wp:term":[{"taxonomy":"category","embeddable":true,"href":"https:\/\/www.reitverein-roehlingen.de\/html\/wordpress\/index.php?rest_route=%2Fwp%2Fv2%2Fcategories&post=475"},{"taxonomy":"post_tag","embeddable":true,"href":"https:\/\/www.reitverein-roehlingen.de\/html\/wordpress\/index.php?rest_route=%2Fwp%2Fv2%2Ftags&post=475"}],"curies":[{"name":"wp","href":"https:\/\/api.w.org\/{rel}","templated":true}]}}