{"id":478,"date":"2003-04-11T12:28:25","date_gmt":"2003-04-11T12:28:25","guid":{"rendered":"http:\/\/www.reitverein-roehlingen.de\/html\/wordpress\/?p=478"},"modified":"2013-01-30T16:40:25","modified_gmt":"2013-01-30T16:40:25","slug":"bericht-zur-jahreshauptversammlung-des-rfv","status":"publish","type":"post","link":"https:\/\/www.reitverein-roehlingen.de\/html\/wordpress\/?p=478","title":{"rendered":"Bericht zur Jahreshauptversammlung des RFV"},"content":{"rendered":"Zahlreiche Aktivit\u00e4ten und positive Bilanzen bei der Jahreshauptversammlung\r\nVoltigiertag im Juni beim Reit- und Fahrverein R\u00f6hlingen \"Ausbilden, betreuen, coachen\" und das in allen Disziplinen des Reitsports ist f\u00fcr den ersten Vorsitzenden des Reit- und Fahrvereins R\u00f6hlingen und Umgebung 1924 e. V., Josef Uhl, ein Schwerpunkt der Vereinsarbeit. Vorsitzender Uhl nannte dieses Ausbildungsziel in seinem Rechenschaftsbericht bei der Jahreshauptversammlung im Gasthaus Adler in Ellwangen-Neunstadt. <a href=\"https:\/\/www.reitverein-roehlingen.de\/html\/wordpress\/?p=478\" class=\"more-link\"> [...]  Weiterlesen<\/a>","protected":false},"excerpt":{"rendered":"<p>Zahlreiche Aktivit\u00e4ten und positive Bilanzen bei der Jahreshauptversammlung Voltigiertag im Juni beim Reit- und Fahrverein R\u00f6hlingen &#8220;Ausbilden, betreuen, coachen&#8221; und das in allen Disziplinen des Reitsports ist f\u00fcr den ersten Vorsitzenden des Reit- und Fahrvereins R\u00f6hlingen und Umgebung 1924 e. &hellip; <a href=\"https:\/\/www.reitverein-roehlingen.de\/html\/wordpress\/?p=478\">Weiterlesen <span class=\"meta-nav\">&rarr;<\/span><\/a><\/p>\n","protected":false},"author":2,"featured_media":0,"comment_status":"closed","ping_status":"closed","sticky":false,"template":"","format":"standard","meta":{"footnotes":""},"categories":[19,8],"tags":[],"class_list":["post-478","post","type-post","status-publish","format-standard","hentry","category-chronik","category-vereins-historie"],"_links":{"self":[{"href":"https:\/\/www.reitverein-roehlingen.de\/html\/wordpress\/index.php?rest_route=\/wp\/v2\/posts\/478","targetHints":{"allow":["GET"]}}],"collection":[{"href":"https:\/\/www.reitverein-roehlingen.de\/html\/wordpress\/index.php?rest_route=\/wp\/v2\/posts"}],"about":[{"href":"https:\/\/www.reitverein-roehlingen.de\/html\/wordpress\/index.php?rest_route=\/wp\/v2\/types\/post"}],"author":[{"embeddable":true,"href":"https:\/\/www.reitverein-roehlingen.de\/html\/wordpress\/index.php?rest_route=\/wp\/v2\/users\/2"}],"replies":[{"embeddable":true,"href":"https:\/\/www.reitverein-roehlingen.de\/html\/wordpress\/index.php?rest_route=%2Fwp%2Fv2%2Fcomments&post=478"}],"version-history":[{"count":4,"href":"https:\/\/www.reitverein-roehlingen.de\/html\/wordpress\/index.php?rest_route=\/wp\/v2\/posts\/478\/revisions"}],"predecessor-version":[{"id":480,"href":"https:\/\/www.reitverein-roehlingen.de\/html\/wordpress\/index.php?rest_route=\/wp\/v2\/posts\/478\/revisions\/480"}],"wp:attachment":[{"href":"https:\/\/www.reitverein-roehlingen.de\/html\/wordpress\/index.php?rest_route=%2Fwp%2Fv2%2Fmedia&parent=478"}],"wp:term":[{"taxonomy":"category","embeddable":true,"href":"https:\/\/www.reitverein-roehlingen.de\/html\/wordpress\/index.php?rest_route=%2Fwp%2Fv2%2Fcategories&post=478"},{"taxonomy":"post_tag","embeddable":true,"href":"https:\/\/www.reitverein-roehlingen.de\/html\/wordpress\/index.php?rest_route=%2Fwp%2Fv2%2Ftags&post=478"}],"curies":[{"name":"wp","href":"https:\/\/api.w.org\/{rel}","templated":true}]}}